{"id":85123,"date":"2023-09-03T19:46:21","date_gmt":"2023-09-03T22:46:21","guid":{"rendered":"https:\/\/corrientesdetarde.com\/?p=85123"},"modified":"2023-09-03T19:46:32","modified_gmt":"2023-09-03T22:46:32","slug":"mas-de-200-vecinos-fueron-evacuados-por-el-temporal-en-el-interior","status":"publish","type":"post","link":"https:\/\/corrientesdetarde.com\/index.php\/clima\/mas-de-200-vecinos-fueron-evacuados-por-el-temporal-en-el-interior\/","title":{"rendered":"M\u00e1s de 200 vecinos fueron evacuados por el temporal en el interior."},"content":{"rendered":"\n<h2 class=\"wp-block-heading\">Varias zonas del noreste de la provincia se vieron afectados por una gran tormenta. Yacyret\u00e1 dispuso asistencia a los afectados inmediatamente. Los evacuados est\u00e1n alojados en el polideportivo de las 1000 viviendas.<\/h2>\n\n\n\n<p>M\u00e1s de 240 personas de diferentes barrios de la ciudad de Ituzaing\u00f3 fueron evacuadas o se autoevacuaron debido a la fuertes lluvias que se registraron durante toda la jornada en la ciudad de Ituzaing\u00f3. Adem\u00e1s hubo cortes de luz, de internet, calles anegadas, desag\u00fces obstruidos y voladuras de algunos techos.<\/p>\n\n\n\n<p>Familias completas debieron dejar sus hogares r\u00e1pidamente debido a que el agua ingres\u00f3 a sus viviendas. La mayor\u00eda de los vecinos se auto evacuaron debida a que la asistencia municipal no llegaba.<\/p>\n\n\n\n<p>Los barrios m\u00e1s afectados fueron La Florida, Portal del Sol, San Jorge, Madariaga, Santa Rita, San Francisco, Barrio Iber\u00e1 y la zona centro en menor medida.&nbsp;<\/p>\n\n\n\n<p>En el asentamiento del barrio Iber\u00e1 se vieron im\u00e1genes de desesperaci\u00f3n por parte de vecinos que sal\u00edan con lo puesto de sus casas, dejando sus pertenencias y pidiendo asistencia de la polic\u00eda para evitar robos. &nbsp;<\/p>\n\n\n\n<p>Autoridades de la Entidad Binacional Yacyret\u00e1 (EBY), entre las que se encuentra la consejera Ana Almir\u00f3n, adelantaron que iniciaron trabajos para contener y asistir a unas 50 familias autoevacuadas con mercader\u00edas, frazadas, comida caliente, log\u00edstica, asistencia sanitaria, entre otros.<\/p>\n\n\n\n<p>Las estimaciones indican que hay m\u00e1s de 60 familias afectadas, que sumar\u00edan 240 personas aproximadamente y m\u00e1s de un centenar y medio de viviendas con da\u00f1os y anegadas. &nbsp;<\/p>\n\n\n\n<p>Seg\u00fan se pudo saber los evacuados habr\u00edan sido relocalizados en el polideportivo de las 1000 viviendas y est\u00e1n recibiendo asistencia de la comuna.<\/p>\n\n\n\n<figure class=\"wp-block-image\"><img decoding=\"async\" src=\"https:\/\/www.lt7noticias.com\/content\/bucket\/3\/52963w770h387c.jpg.webp\" alt=\"\"\/><\/figure>\n\n\n\n<figure class=\"wp-block-image\"><img decoding=\"async\" src=\"https:\/\/www.lt7noticias.com\/content\/bucket\/4\/52964w770h336c.jpg.webp\" alt=\"\"\/><\/figure>\n\n\n\n<p><\/p>\n","protected":false},"excerpt":{"rendered":"<p>Varias zonas del noreste de la provincia se vieron afectados por una gran tormenta. Yacyret\u00e1 dispuso asistencia a los afectados inmediatamente. Los evacuados est\u00e1n alojados en el polideportivo de las&hellip; <\/p>\n","protected":false},"author":6,"featured_media":85124,"comment_status":"closed","ping_status":"open","sticky":false,"template":"","format":"standard","meta":{"footnotes":""},"categories":[29],"tags":[],"class_list":["post-85123","post","type-post","status-publish","format-standard","has-post-thumbnail","hentry","category-clima"],"_links":{"self":[{"href":"https:\/\/corrientesdetarde.com\/index.php\/wp-json\/wp\/v2\/posts\/85123","targetHints":{"allow":["GET"]}}],"collection":[{"href":"https:\/\/corrientesdetarde.com\/index.php\/wp-json\/wp\/v2\/posts"}],"about":[{"href":"https:\/\/corrientesdetarde.com\/index.php\/wp-json\/wp\/v2\/types\/post"}],"author":[{"embeddable":true,"href":"https:\/\/corrientesdetarde.com\/index.php\/wp-json\/wp\/v2\/users\/6"}],"replies":[{"embeddable":true,"href":"https:\/\/corrientesdetarde.com\/index.php\/wp-json\/wp\/v2\/comments?post=85123"}],"version-history":[{"count":1,"href":"https:\/\/corrientesdetarde.com\/index.php\/wp-json\/wp\/v2\/posts\/85123\/revisions"}],"predecessor-version":[{"id":85125,"href":"https:\/\/corrientesdetarde.com\/index.php\/wp-json\/wp\/v2\/posts\/85123\/revisions\/85125"}],"wp:featuredmedia":[{"embeddable":true,"href":"https:\/\/corrientesdetarde.com\/index.php\/wp-json\/wp\/v2\/media\/85124"}],"wp:attachment":[{"href":"https:\/\/corrientesdetarde.com\/index.php\/wp-json\/wp\/v2\/media?parent=85123"}],"wp:term":[{"taxonomy":"category","embeddable":true,"href":"https:\/\/corrientesdetarde.com\/index.php\/wp-json\/wp\/v2\/categories?post=85123"},{"taxonomy":"post_tag","embeddable":true,"href":"https:\/\/corrientesdetarde.com\/index.php\/wp-json\/wp\/v2\/tags?post=85123"}],"curies":[{"name":"wp","href":"https:\/\/api.w.org\/{rel}","templated":true}]}}