{"id":85129,"date":"2023-09-03T21:12:47","date_gmt":"2023-09-04T00:12:47","guid":{"rendered":"https:\/\/corrientesdetarde.com\/?p=85129"},"modified":"2023-09-03T21:12:52","modified_gmt":"2023-09-04T00:12:52","slug":"max-verstappen-gano-el-gp-de-italia-con-un-historico-record","status":"publish","type":"post","link":"https:\/\/corrientesdetarde.com\/index.php\/deportes\/max-verstappen-gano-el-gp-de-italia-con-un-historico-record\/","title":{"rendered":"Max Verstappen gan\u00f3 el GP de Italia con un hist\u00f3rico r\u00e9cord."},"content":{"rendered":"\n<h2 class=\"wp-block-heading\">El neerland\u00e9s se impuso en Monza y consigui\u00f3 superar la marca del alem\u00e1n Sebastian Vettel. Qui\u00e9nes finalizaron detr\u00e1s de Max Verstappen en el GP de Italia.<\/h2>\n\n\n\n<p>El piloto de Red Bull y vigente campe\u00f3n de la F\u00f3rmula 1, Max Verstappen, se llev\u00f3 este domingo la victoria en el Gran Premio de Italia, la decimocuarta carrera de la temporada 2023, la cual se desarroll\u00f3 en el Aut\u00f3dromo Nacional de Monza, y logr\u00f3 el r\u00e9cord de diez triunfos consecutivos por primera vez en la historia para un corredor.<\/p>\n\n\n\n<p>Despu\u00e9s de que el espa\u00f1ol de Ferrari, Carlos Sainz, hiciera la pole position el s\u00e1bado, el neerland\u00e9s volvi\u00f3 a escribir un nuevo cap\u00edtulo para el recuerdo, ya que super\u00f3 la marca de nueve victorias consecutivas en la F\u00f3rmula 1 que pertenec\u00eda al alem\u00e1n Sebastian Vettel.<\/p>\n\n\n\n<figure class=\"wp-block-embed is-type-rich is-provider-twitter wp-block-embed-twitter\"><div class=\"wp-block-embed__wrapper\">\n<blockquote class=\"twitter-tweet\" data-width=\"550\" data-dnt=\"true\"><p lang=\"en\" dir=\"ltr\">Max: Sets dominant, all-time Formula 1 record<br>Also Max: &quot;Not too bad!&quot; \ud83d\ude05<br><br>Another record to add to the <a href=\"https:\/\/twitter.com\/Max33Verstappen?ref_src=twsrc%5Etfw\">@Max33Verstappen<\/a> collection, with victory in Monza<a href=\"https:\/\/twitter.com\/hashtag\/ItalianGP?src=hash&amp;ref_src=twsrc%5Etfw\">#ItalianGP<\/a> <a href=\"https:\/\/twitter.com\/hashtag\/F1?src=hash&amp;ref_src=twsrc%5Etfw\">#F1<\/a> <a href=\"https:\/\/t.co\/rZLikpbMfK\">pic.twitter.com\/rZLikpbMfK<\/a><\/p>&mdash; Formula 1 (@F1) <a href=\"https:\/\/twitter.com\/F1\/status\/1698357217991479414?ref_src=twsrc%5Etfw\">September 3, 2023<\/a><\/blockquote><script async src=\"https:\/\/platform.twitter.com\/widgets.js\" charset=\"utf-8\"><\/script>\n<\/div><\/figure>\n\n\n\n<p>El podio en Monza lo completaron el compa\u00f1ero de equipo de Verstappen, el mexicano Sergio P\u00e9rez, quien finaliz\u00f3 segundo, y en el tercer puesto qued\u00f3 el espa\u00f1ol Sainz.<\/p>\n\n\n\n<p>M\u00e1s atr\u00e1s se ubicaron Charles Leclerc, tambi\u00e9n de la escuder\u00eda italiana, mientras que la quinta y sexta posici\u00f3n fue para los Mercedes de George Russell y Lewis Hamilton, respectivamente.<\/p>\n","protected":false},"excerpt":{"rendered":"<p>El neerland\u00e9s se impuso en Monza y consigui\u00f3 superar la marca del alem\u00e1n Sebastian Vettel. Qui\u00e9nes finalizaron detr\u00e1s de Max Verstappen en el GP de Italia. El piloto de Red&hellip; <\/p>\n","protected":false},"author":6,"featured_media":85137,"comment_status":"closed","ping_status":"open","sticky":false,"template":"","format":"standard","meta":{"footnotes":""},"categories":[4],"tags":[],"class_list":["post-85129","post","type-post","status-publish","format-standard","has-post-thumbnail","hentry","category-deportes"],"_links":{"self":[{"href":"https:\/\/corrientesdetarde.com\/index.php\/wp-json\/wp\/v2\/posts\/85129","targetHints":{"allow":["GET"]}}],"collection":[{"href":"https:\/\/corrientesdetarde.com\/index.php\/wp-json\/wp\/v2\/posts"}],"about":[{"href":"https:\/\/corrientesdetarde.com\/index.php\/wp-json\/wp\/v2\/types\/post"}],"author":[{"embeddable":true,"href":"https:\/\/corrientesdetarde.com\/index.php\/wp-json\/wp\/v2\/users\/6"}],"replies":[{"embeddable":true,"href":"https:\/\/corrientesdetarde.com\/index.php\/wp-json\/wp\/v2\/comments?post=85129"}],"version-history":[{"count":1,"href":"https:\/\/corrientesdetarde.com\/index.php\/wp-json\/wp\/v2\/posts\/85129\/revisions"}],"predecessor-version":[{"id":85138,"href":"https:\/\/corrientesdetarde.com\/index.php\/wp-json\/wp\/v2\/posts\/85129\/revisions\/85138"}],"wp:featuredmedia":[{"embeddable":true,"href":"https:\/\/corrientesdetarde.com\/index.php\/wp-json\/wp\/v2\/media\/85137"}],"wp:attachment":[{"href":"https:\/\/corrientesdetarde.com\/index.php\/wp-json\/wp\/v2\/media?parent=85129"}],"wp:term":[{"taxonomy":"category","embeddable":true,"href":"https:\/\/corrientesdetarde.com\/index.php\/wp-json\/wp\/v2\/categories?post=85129"},{"taxonomy":"post_tag","embeddable":true,"href":"https:\/\/corrientesdetarde.com\/index.php\/wp-json\/wp\/v2\/tags?post=85129"}],"curies":[{"name":"wp","href":"https:\/\/api.w.org\/{rel}","templated":true}]}}