{"id":85130,"date":"2023-09-03T21:10:07","date_gmt":"2023-09-04T00:10:07","guid":{"rendered":"https:\/\/corrientesdetarde.com\/?p=85130"},"modified":"2023-09-03T21:10:11","modified_gmt":"2023-09-04T00:10:11","slug":"encontraron-muerto-y-maniatado-al-padre-de-un-fiscal-en-su-casa-de-lobos","status":"publish","type":"post","link":"https:\/\/corrientesdetarde.com\/index.php\/policiales\/encontraron-muerto-y-maniatado-al-padre-de-un-fiscal-en-su-casa-de-lobos\/","title":{"rendered":"Encontraron muerto y maniatado al padre de un fiscal en su casa de Lobos."},"content":{"rendered":"\n<h2 class=\"wp-block-heading\">Omar Clemente Belardinelli ten\u00eda 79 a\u00f1os y administraba una distribuidora de alimentos de la zona desde hace m\u00e1s de cuatro d\u00e9cadas. Sus hijos hallaron su cuerpo y la casa toda revuelta. Tambi\u00e9n le robaron la camioneta.<\/h2>\n\n\n\n<p>Un hombre de 79 a\u00f1os fue encontrado muerto este domingo en su casa de la localidad bonaerense de Lobos. El cuerpo sin vida y maniatado fue hallado por sus hijos, en horas del mediod\u00eda, luego de que no present\u00f3 al almuerzo familiar como era habitual. La vivienda estaba toda revuelta y tambi\u00e9n le robaron la camioneta.<\/p>\n\n\n\n<p>Seg\u00fan pudo saber Infobae, el cuerpo de Omar Clemente Belardinelli, padre del Secretario de la Fiscal\u00eda General del Ministerio P\u00fablico Fiscal de la Naci\u00f3n, Mat\u00edas Belardinelli, fue encontrado atado de pies y de manos en su vivienda, ubicada en la calle E. M. Berro y esquina Domingo Faustino Sarmiento. El deceso fue constatado en el lugar por m\u00e9dicos del Sistema de Atenci\u00f3n M\u00e9dica de Emergencias (SAME).<\/p>\n\n\n\n<p>Fuentes de la investigaci\u00f3n contaron a este medio que la principal hip\u00f3tesis sugiere un robo como el marco en el que se dio la muerte, ya que se registr\u00f3 la ausencia de varias pertenencias en la casa y de una camioneta Toyota Hilux blanca, propiedad de la v\u00edctima. Los delincuentes habr\u00edan ingresado al domicilio luego de barretear una reja, ubicada unos dos metros de altura, que daba a la cocina.<\/p>\n\n\n\n<p>El caso lo investiga Javier Berlinghieri, titular de la UFI N\u00b0 2 de Saladillo, perteneciente al departamento Judicial de La Plata. Tambi\u00e9n se hicieron presentes, Dami\u00e1n Aquilano y Gisela Dupraz, de la Ayudant\u00eda Fiscal de Lobos. En el lugar todav\u00eda se encuentra trabajando personal de la Polic\u00eda Cient\u00edfica. Por el momento no hay detenidos y ya se orden\u00f3 la realizaci\u00f3n de la autopsia. Tambi\u00e9n se analizan las c\u00e1maras de seguridad de la zona.<\/p>\n\n\n\n<p>Omar Clemente Belardinelli administraba una distribuidora de alimentos de la zona desde hace m\u00e1s de cuatro d\u00e9cadas y viv\u00eda solo. Padre de cuatro, este domingo fueron justamente sus hijos quienes advirtieron que hab\u00eda algo fuera de lo normal.<\/p>\n\n\n\n<p>Seg\u00fan confiaron desde su entorno, el hombre no present\u00f3 al almuerzo familiar, como era habitual. Tampoco contestaba el tel\u00e9fono ni los mensajes de WhatsApp. Su \u00faltima conexi\u00f3n hab\u00eda sido el s\u00e1bado a las 22.<\/p>\n\n\n\n<p>Fue en ese contexto que su hija y su yerno decidieron ir hasta el domicilio. La ausencia de la camioneta en la entrada encendi\u00f3 una segunda a alarma. Si bien era posible que Omar hubiera salido, era extra\u00f1o que no se contactara. Finalmente, al ingresar a la vivienda se encontraron con la tr\u00e1gica escena: la v\u00edctima estaba en el dormitorio con las manos maniatadas con un cable y ambos pies atados con sabanas.<\/p>\n\n\n\n<p>Seg\u00fan el portal Lobos Ya, Omar Belardinelli era un vecino apreciado y respetado en toda la comunidad. &#8220;Amante del deporte, especialmente del atletismo que practic\u00f3 siendo ya mayor, y por el que trabaj\u00f3 durante muchos a\u00f1os presidiendo la Asociaci\u00f3n de Atletismo Lobense (ADAL) en aquella \u00e9poca dorada de los campeonatos de calle que quedaron en la historia deportiva de Lobos&#8221;, sostuvieron.<\/p>\n\n\n\n<p>&#8220;Aunque ten\u00eda casi 80, parec\u00eda un tipo de 50\u2033, coinciden quienes conocieron a Belardinelli quien, el a\u00f1o pasado, se recibi\u00f3 de la Diplomatura en Ense\u00f1anza de Baile de Tango y Danzas Tradicionales en la Universidad de Tres de Febrero. &#8220;Viv\u00eda con ganas de seguir haciendo cosas. Estaba lleno de proyectos. Incluso, ya lo hab\u00edan llamado para ser profesor de tango en varios centros de jubilados de Lobos. Estaba muy entusiasmado con ese tema&#8221;, confiaron a este medio.<\/p>\n\n\n\n<p>En las redes sociales allegados a la v\u00edctima ya comenzaron a hacerse eco de la terrible noticia. En su cuenta de Facebook, una amiga de Omar, se mostr\u00f3 muy conmocionada por lo ocurrido y pidi\u00f3 &#8220;Justicia&#8221;.<\/p>\n\n\n\n<p>&#8220;Amigo del alma vol\u00e1 alto. Alg\u00fan d\u00eda volveremos a vernos y bailar un tango. Gracias por cada mate, por cada sonrisa, por ser tan buen amigo, por cada ense\u00f1anza, por todas esas charlas, gracias por ser vos. Te vamos a extra\u00f1ar toda la vida. Por siempre nuestro Omarcito. Solo pedimos justicia&#8221;, public\u00f3 junto a una imagen donde se los ve juntos.<\/p>\n\n\n\n<p>Otra mujer, compa\u00f1era de Tango de Omar, se lament\u00f3: &#8220;Triste d\u00eda con la noticia de su partida. Omar Belardinelli que descanses en Paz. Dolor enorme. Que se haga Justicia&#8221;. Otro amigo se sum\u00f3: &#8220;Siento mucho la partida injusta de este amigo. Mando un abrazo a su familia&#8230; Me queda el recuerdo de tus charlas amenas y de tu sonrisa franca Omar&#8221;.<\/p>\n","protected":false},"excerpt":{"rendered":"<p>Omar Clemente Belardinelli ten\u00eda 79 a\u00f1os y administraba una distribuidora de alimentos de la zona desde hace m\u00e1s de cuatro d\u00e9cadas. Sus hijos hallaron su cuerpo y la casa toda&hellip; <\/p>\n","protected":false},"author":6,"featured_media":85135,"comment_status":"closed","ping_status":"open","sticky":false,"template":"","format":"standard","meta":{"footnotes":""},"categories":[33],"tags":[],"class_list":["post-85130","post","type-post","status-publish","format-standard","has-post-thumbnail","hentry","category-policiales"],"_links":{"self":[{"href":"https:\/\/corrientesdetarde.com\/index.php\/wp-json\/wp\/v2\/posts\/85130","targetHints":{"allow":["GET"]}}],"collection":[{"href":"https:\/\/corrientesdetarde.com\/index.php\/wp-json\/wp\/v2\/posts"}],"about":[{"href":"https:\/\/corrientesdetarde.com\/index.php\/wp-json\/wp\/v2\/types\/post"}],"author":[{"embeddable":true,"href":"https:\/\/corrientesdetarde.com\/index.php\/wp-json\/wp\/v2\/users\/6"}],"replies":[{"embeddable":true,"href":"https:\/\/corrientesdetarde.com\/index.php\/wp-json\/wp\/v2\/comments?post=85130"}],"version-history":[{"count":1,"href":"https:\/\/corrientesdetarde.com\/index.php\/wp-json\/wp\/v2\/posts\/85130\/revisions"}],"predecessor-version":[{"id":85136,"href":"https:\/\/corrientesdetarde.com\/index.php\/wp-json\/wp\/v2\/posts\/85130\/revisions\/85136"}],"wp:featuredmedia":[{"embeddable":true,"href":"https:\/\/corrientesdetarde.com\/index.php\/wp-json\/wp\/v2\/media\/85135"}],"wp:attachment":[{"href":"https:\/\/corrientesdetarde.com\/index.php\/wp-json\/wp\/v2\/media?parent=85130"}],"wp:term":[{"taxonomy":"category","embeddable":true,"href":"https:\/\/corrientesdetarde.com\/index.php\/wp-json\/wp\/v2\/categories?post=85130"},{"taxonomy":"post_tag","embeddable":true,"href":"https:\/\/corrientesdetarde.com\/index.php\/wp-json\/wp\/v2\/tags?post=85130"}],"curies":[{"name":"wp","href":"https:\/\/api.w.org\/{rel}","templated":true}]}}