{"id":85131,"date":"2023-09-03T20:46:42","date_gmt":"2023-09-03T23:46:42","guid":{"rendered":"https:\/\/corrientesdetarde.com\/?p=85131"},"modified":"2023-09-03T20:46:53","modified_gmt":"2023-09-03T23:46:53","slug":"murio-agustina-caceres-la-nena-que-acompano-a-su-papa-en-los-8-escalones","status":"publish","type":"post","link":"https:\/\/corrientesdetarde.com\/index.php\/informacion-general\/murio-agustina-caceres-la-nena-que-acompano-a-su-papa-en-los-8-escalones\/","title":{"rendered":"Muri\u00f3 Agustina C\u00e1ceres, la nena que acompa\u00f1\u00f3 a su pap\u00e1 en Los 8 escalones."},"content":{"rendered":"\n<h2 class=\"wp-block-heading\">Mariano C\u00e1ceres hab\u00eda dicho que iba a usar el dinero para solventar el tratamiento oncol\u00f3gico de su hija, que estaba internada en el Hospital Garrahan.<\/h2>\n\n\n\n<p>Muri\u00f3\u00a0<strong>Agustina C\u00e1ceres<\/strong>, la nena de Santiago del Estero que acompa\u00f1\u00f3 a su pap\u00e1,\u00a0<strong>Mariano C\u00e1ceres<\/strong>, en <em>Los 8 escalones<\/em>\u00a0de los 3 millones.<\/p>\n\n\n\n<p><strong>La nena era paciente oncol\u00f3gica en el Hospital Garrahan<\/strong>\u00a0y su padre quer\u00eda el dinero para solventar su tratamiento.<\/p>\n\n\n\n<figure class=\"wp-block-image\"><img decoding=\"async\" src=\"https:\/\/tn.com.ar\/resizer\/MDWNFH_ZVlcRd4cICcq1h8SBwNY=\/767x0\/smart\/filters:format(webp)\/cloudfront-us-east-1.images.arcpublishing.com\/artear\/JSGTYR6HV5GPPFHF2GYID5G5TU.jpg\" alt=\"Mariano C\u00e1ceres, el pap\u00e1 de la nena que sufre c\u00e1ncer regres\u00f3 a Los 8 escalones\"\/><figcaption>Mariano C\u00e1ceres, el pap\u00e1 de la nena que sufre c\u00e1ncer regres\u00f3 a Los 8 escalones<\/figcaption><\/figure>\n\n\n\n<p>\u201c\u00bfY con los tres millones qu\u00e9 har\u00edas?\u201d, le pregunt\u00f3&nbsp;<strong>Guido Kaczka<\/strong>&nbsp;al participante. \u00c9l le contest\u00f3: \u201c<strong>Tratar\u00eda de solventar el tratamiento de mi hija, que est\u00e1 como paciente oncol\u00f3gica ac\u00e1 en Buenos Aires<\/strong>\u201d.<\/p>\n\n\n\n<p>\u201cDejame mandarle saludos a toda la gente ah\u00ed del CAIPO y de Radioterapia, que son los que est\u00e1n constantemente en contacto con nosotros\u201d, le pidi\u00f3 Mariano al conductor de eltrece. \u201cS\u00ed, claro, y a toda la gente del Garrahan, por supuesto. Mariano, \u00bfcon qui\u00e9n viniste?\u201d, sigui\u00f3 Guido y el concursante le dijo que h<strong>ab\u00eda ido con su hija Agustina<\/strong>.<\/p>\n\n\n\n<figure class=\"wp-block-image\"><img decoding=\"async\" src=\"https:\/\/tn.com.ar\/resizer\/YZsF-pKw72_3jWriPJRfw2d846M=\/767x0\/smart\/filters:format(webp)\/cloudfront-us-east-1.images.arcpublishing.com\/artear\/55WYABQ2LJHNLI3KO4YAXYMUQY.jpg\" alt=\"Mariano C\u00e1ceres, el pap\u00e1 de Agustina, alcanz\u00f3 los 9 millones de pesos en el programa de Guido Kaczka y luego se ausent\u00f3 por complicaciones en la salud de su hija. (Foto: eltrece).\"\/><figcaption>Mariano C\u00e1ceres, el pap\u00e1 de Agustina, alcanz\u00f3 los 9 millones de pesos en el programa de Guido Kaczka y luego se ausent\u00f3 por complicaciones en la salud de su hija. (Foto: eltrece).<\/figcaption><\/figure>\n\n\n\n<p>Finalmente,\u00a0<strong>Mariano C\u00e1ceres se llev\u00f3 el premio mayor y celebr\u00f3 con su hija Agustina<\/strong>, quien irrumpi\u00f3 en el estudio y emocion\u00f3 a todos.<\/p>\n\n\n\n<p><\/p>\n\n\n\n<p><em>Fuente: Todo Noticias.<\/em><\/p>\n","protected":false},"excerpt":{"rendered":"<p>Mariano C\u00e1ceres hab\u00eda dicho que iba a usar el dinero para solventar el tratamiento oncol\u00f3gico de su hija, que estaba internada en el Hospital Garrahan. Muri\u00f3\u00a0Agustina C\u00e1ceres, la nena de&hellip; <\/p>\n","protected":false},"author":6,"featured_media":85133,"comment_status":"closed","ping_status":"open","sticky":false,"template":"","format":"standard","meta":{"footnotes":""},"categories":[1],"tags":[],"class_list":["post-85131","post","type-post","status-publish","format-standard","has-post-thumbnail","hentry","category-informacion-general"],"_links":{"self":[{"href":"https:\/\/corrientesdetarde.com\/index.php\/wp-json\/wp\/v2\/posts\/85131","targetHints":{"allow":["GET"]}}],"collection":[{"href":"https:\/\/corrientesdetarde.com\/index.php\/wp-json\/wp\/v2\/posts"}],"about":[{"href":"https:\/\/corrientesdetarde.com\/index.php\/wp-json\/wp\/v2\/types\/post"}],"author":[{"embeddable":true,"href":"https:\/\/corrientesdetarde.com\/index.php\/wp-json\/wp\/v2\/users\/6"}],"replies":[{"embeddable":true,"href":"https:\/\/corrientesdetarde.com\/index.php\/wp-json\/wp\/v2\/comments?post=85131"}],"version-history":[{"count":1,"href":"https:\/\/corrientesdetarde.com\/index.php\/wp-json\/wp\/v2\/posts\/85131\/revisions"}],"predecessor-version":[{"id":85134,"href":"https:\/\/corrientesdetarde.com\/index.php\/wp-json\/wp\/v2\/posts\/85131\/revisions\/85134"}],"wp:featuredmedia":[{"embeddable":true,"href":"https:\/\/corrientesdetarde.com\/index.php\/wp-json\/wp\/v2\/media\/85133"}],"wp:attachment":[{"href":"https:\/\/corrientesdetarde.com\/index.php\/wp-json\/wp\/v2\/media?parent=85131"}],"wp:term":[{"taxonomy":"category","embeddable":true,"href":"https:\/\/corrientesdetarde.com\/index.php\/wp-json\/wp\/v2\/categories?post=85131"},{"taxonomy":"post_tag","embeddable":true,"href":"https:\/\/corrientesdetarde.com\/index.php\/wp-json\/wp\/v2\/tags?post=85131"}],"curies":[{"name":"wp","href":"https:\/\/api.w.org\/{rel}","templated":true}]}}