{"id":85139,"date":"2023-09-03T21:33:12","date_gmt":"2023-09-04T00:33:12","guid":{"rendered":"https:\/\/corrientesdetarde.com\/?p=85139"},"modified":"2023-09-03T21:33:24","modified_gmt":"2023-09-04T00:33:24","slug":"axel-kicillof-advirtio-que-ni-bullrich-ni-milei-van-a-resolver-un-solo-problema","status":"publish","type":"post","link":"https:\/\/corrientesdetarde.com\/index.php\/politica\/axel-kicillof-advirtio-que-ni-bullrich-ni-milei-van-a-resolver-un-solo-problema\/","title":{"rendered":"Axel Kicillof advirti\u00f3 que &#8220;ni Bullrich ni Milei van a resolver un solo problema&#8221;."},"content":{"rendered":"\n<h2 class=\"wp-block-heading\">&#8220;Nosotros queremos construir un futuro mejor, con m\u00e1s y mejor Estado, con m\u00e1s derechos&#8221;, sentenci\u00f3 el gobernador y candidato a la reelecci\u00f3n de cara a las elecciones 2023.<\/h2>\n\n\n\n<p>El gobernador bonaerense, Axel Kicillof, advirti\u00f3 este domingo que los candidatos presidenciales opositores Patricia Bullrich y Javier Milei &#8220;no van a resolver un solo problema&#8221;, por lo que el pa\u00eds &#8220;necesita&#8221; al postulante de Uni\u00f3n por la Patria (UxP), Sergio Massa, &#8220;como presidente&#8221;.<br>&#8220;La derecha tiene dos candidatos pero es solo proyecto, que es quitar derechos&#8221;, reiter\u00f3 Kicillof desde sus redes sociales.<\/p>\n\n\n\n<p>El gobernador sostuvo que Bullrich &#8220;propone menos inversi\u00f3n, menos Estado, menos derechos&#8221;, y contrapuso que desde UxP &#8220;proponemos y hacemos lo contrario&#8221;; y en cuanto a Milei dijo que busca &#8220;dinamitar obras y cortar derechos con una motosierra&#8221;.<\/p>\n\n\n\n<p>&#8220;Nosotros queremos construir un futuro mejor, con m\u00e1s y mejor Estado, con m\u00e1s derechos&#8221;, dijo el gobernador y candidato a la reelecci\u00f3n, y reiter\u00f3: &#8220;Ni atr\u00e1s ni a la derecha, sigamos avanzando derecho al futuro. Ni Patricia Bullrich ni Javier Milei van a resolver un solo problema, necesitamos a Sergio Massa de Presidente&#8221;.<\/p>\n\n\n\n<p>Kicillof se\u00f1al\u00f3 que desde que est\u00e1 a cargo del Poder Ejecutivo no cre\u00f3 &#8220;ning\u00fan impuesto&#8221; ni aument\u00f3 &#8220;las tasas impositivas&#8221;, y a\u00f1adi\u00f3: &#8220;Entonces la pregunta no es por qu\u00e9 cobramos impuestos, sino qu\u00e9 hicieron cuando gobernaron con los impuestos que tambi\u00e9n se pagaban y no estaban en las escuelas, los caminos, las ambulancias y las computadoras&#8221;.<\/p>\n\n\n\n<p>&#8220;Ahora los impuestos que pagan los bonaerenses vuelven para garantizar sus derechos. Queremos que en los 135 municipios se pueda acceder a la salud, la educaci\u00f3n, la producci\u00f3n y el trabajo&#8221;, concluy\u00f3 el gobernador de Buenos Aires.<\/p>\n\n\n\n<p>\u00a0<br><em>\u00a0Fuente: minutouno.com<\/em><\/p>\n","protected":false},"excerpt":{"rendered":"<p>&#8220;Nosotros queremos construir un futuro mejor, con m\u00e1s y mejor Estado, con m\u00e1s derechos&#8221;, sentenci\u00f3 el gobernador y candidato a la reelecci\u00f3n de cara a las elecciones 2023. El gobernador&hellip; <\/p>\n","protected":false},"author":6,"featured_media":85143,"comment_status":"closed","ping_status":"open","sticky":false,"template":"","format":"standard","meta":{"footnotes":""},"categories":[3],"tags":[],"class_list":["post-85139","post","type-post","status-publish","format-standard","has-post-thumbnail","hentry","category-politica"],"_links":{"self":[{"href":"https:\/\/corrientesdetarde.com\/index.php\/wp-json\/wp\/v2\/posts\/85139","targetHints":{"allow":["GET"]}}],"collection":[{"href":"https:\/\/corrientesdetarde.com\/index.php\/wp-json\/wp\/v2\/posts"}],"about":[{"href":"https:\/\/corrientesdetarde.com\/index.php\/wp-json\/wp\/v2\/types\/post"}],"author":[{"embeddable":true,"href":"https:\/\/corrientesdetarde.com\/index.php\/wp-json\/wp\/v2\/users\/6"}],"replies":[{"embeddable":true,"href":"https:\/\/corrientesdetarde.com\/index.php\/wp-json\/wp\/v2\/comments?post=85139"}],"version-history":[{"count":1,"href":"https:\/\/corrientesdetarde.com\/index.php\/wp-json\/wp\/v2\/posts\/85139\/revisions"}],"predecessor-version":[{"id":85144,"href":"https:\/\/corrientesdetarde.com\/index.php\/wp-json\/wp\/v2\/posts\/85139\/revisions\/85144"}],"wp:featuredmedia":[{"embeddable":true,"href":"https:\/\/corrientesdetarde.com\/index.php\/wp-json\/wp\/v2\/media\/85143"}],"wp:attachment":[{"href":"https:\/\/corrientesdetarde.com\/index.php\/wp-json\/wp\/v2\/media?parent=85139"}],"wp:term":[{"taxonomy":"category","embeddable":true,"href":"https:\/\/corrientesdetarde.com\/index.php\/wp-json\/wp\/v2\/categories?post=85139"},{"taxonomy":"post_tag","embeddable":true,"href":"https:\/\/corrientesdetarde.com\/index.php\/wp-json\/wp\/v2\/tags?post=85139"}],"curies":[{"name":"wp","href":"https:\/\/api.w.org\/{rel}","templated":true}]}}