{"id":85140,"date":"2023-09-03T21:31:07","date_gmt":"2023-09-04T00:31:07","guid":{"rendered":"https:\/\/corrientesdetarde.com\/?p=85140"},"modified":"2023-09-03T21:31:11","modified_gmt":"2023-09-04T00:31:11","slug":"patricia-bullrich-presentara-manana-a-los-posibles-integrantes-de-su-gabinete","status":"publish","type":"post","link":"https:\/\/corrientesdetarde.com\/index.php\/politica\/patricia-bullrich-presentara-manana-a-los-posibles-integrantes-de-su-gabinete\/","title":{"rendered":"Patricia Bullrich presentar\u00e1 ma\u00f1ana a los posibles integrantes de su Gabinete."},"content":{"rendered":"\n<h2 class=\"wp-block-heading\">Tras presentar a Melconian como su referente econ\u00f3mico, la candidata a Presidenta de JxC sacar\u00e1 a la cancha ma\u00f1ana a quienes ocupar\u00e1n roles claves en su eventual Gobierno. Difundir\u00e1 tambi\u00e9n un paquete con propuestas y medidas que planea implementar si gana la elecci\u00f3n.<\/h2>\n\n\n\n<p>Patricia Bullrich mira el reloj y siente que el tiempo pasa m\u00e1s r\u00e1pido que hasta el 13 de agosto, cuando venci\u00f3 en las PASO de Juntos por el Cambio a Horacio Rodr\u00edguez Larreta. El triunfo de Javier Milei en la primaria, que lo coloc\u00f3 como el candidato y la fuerza m\u00e1s votada, produjo un efecto estruendoso en el tablero electoral. La ex ministra de Seguridad conoce que no debe cometer errores y, adem\u00e1s, que necesita ir a fondo para buscar los votos que requiere para meterse en un balotaje. Su equipo de campa\u00f1a analiz\u00f3 pormenorizadamente los n\u00fameros del escrutinio de agosto, redise\u00f1\u00f3 la estrategia rumbo al 22 de octubre y desde ma\u00f1ana la pondr\u00e1n en marcha.<\/p>\n\n\n\n<p>La semana pasada, un primer paso en ese sentido fue la oficializaci\u00f3n de Carlos Melconian como su referente econ\u00f3mico y como quien ser\u00e1 su ministro de Econom\u00eda si le toca tomar los atributos presidenciales el 10 de diciembre. Bullrich decidi\u00f3 iniciar por ese lado dado que considera clave dar la discusi\u00f3n econ\u00f3mica con Milei y, tambi\u00e9n, con Sergio Massa, candidato a presidente de Uni\u00f3n por la Patria, que si bien no es economista, maneja todas las perillas econ\u00f3micas en su rol de titular del Palacio de Hacienda. El bullrichismo evalu\u00f3 que Melconian re\u00fane las aptitudes t\u00e9cnicas, la espalda pol\u00edtica y la capacidad comunicacional para asumir ese rol en los pr\u00f3ximos 50 d\u00edas.<\/p>\n\n\n\n<p>Y esta semana le sumar\u00e1 otro cap\u00edtulo, para completar los otros casilleros del esquema ministerial que asiste al Poder Ejecutivo. Bullrich lo har\u00e1 ma\u00f1ana, en una reuni\u00f3n que encabezar\u00e1 con sus &#8220;equipos de gobierno&#8221;, coordinados por Alberto Fohrig, doctor en Ciencia Pol\u00edtica, ex asesor de la candidata en el Ministerio de Seguridad, y quien dirige los equipos t\u00e9cnicos del b\u00fanker bullrichista.<\/p>\n\n\n\n<p>&#8220;Vamos a sacar a la cancha lo que tenemos&#8221;, le detall\u00f3 a Infobae una de las dirigentes que integra la mesa chica de Bullrich. En JxC eval\u00faan que el capital y distintivo que tienen en relaci\u00f3n con Milei es la presencia de equipos y dirigentes de peso pol\u00edtico con experiencia en la gesti\u00f3n.<\/p>\n\n\n\n<p>En ese sentido, en la reuni\u00f3n de ma\u00f1ana estar\u00e1n los l\u00edderes de los equipos t\u00e9cnicos de las distintas vertientes de JxC. &#8220;Buscamos una foto de unidad con dirigentes de alto nivel&#8221;, explicaron ante este medios desde el comando de campa\u00f1a de la ex funcionaria.<\/p>\n\n\n\n<p>Como referentes econ\u00f3micos estar\u00e1n los miembros del equipo de Melconian en Fundaci\u00f3n Mediterr\u00e1nea y el IERAL. El ex titular del Banco Naci\u00f3n se encuentra de viaje, por lo que ir\u00e1n en su nombre economistas como Enrique Szewach, Rodolfo Santangelo, Daniel Artana y . A su vez, est\u00e1 previsto que participen Hern\u00e1n Lacunza, referente econ\u00f3mico de Larreta, Luciano Laspina, economista de confianza de Bullrich, Ricardo L\u00f3pez Murphy, de Republicanos Unidos, Eduardo Levy Yeyati, del radicalismo, Mart\u00edn Tetaz, de Evoluci\u00f3n radical, Mat\u00edas Surt, de la Coalici\u00f3n C\u00edvica, y Juan Carlos S\u00e1nchez Arnaud, de peronismo republicano.<\/p>\n\n\n\n<p>Luego, como referentes de Salud estar\u00e1n Fern\u00e1n Quir\u00f3s, ministro de salud porte\u00f1o, y Enrique Chiantore, ex jefe de Gabinete del Ministerio de Salud de la Naci\u00f3n; de educaci\u00f3n, Fabio Quetlgas, diputado nacional de la UCR, Soledad Acu\u00f1a, ministra de esa \u00e1rea en CABA, Sabrina Ajmechedt, diputada nacional del PRO, y Jaime Correas, ex director de Educaci\u00f3n de Mendoza. Tambi\u00e9n son asesores de JxC en temas educativos Alejandro Finochiaro, diputado nacional y ex ministro, y Sergio Siciliano, legislador bonaerense y pedagogo ligado a Mar\u00eda Eugenia Vidal.<\/p>\n\n\n\n<p>En Relaciones Internacionales, el referente de Bullrich es Federico Pinedo, quien lidera un equipo de internacionalistas que trabajan en la pol\u00edtica exterior del bullrichismo. Tambi\u00e9n estar\u00e1 Fernando Straface, referente de pol\u00edtica exterior de Larreta; en tanto que Miguel \u00c1ngel Pichetto estar\u00e1 como referente en Defensa (como posible nombre fuerte de esa \u00e1rea en caso de que la candidata desembarque en la Casa Rosada). Mientras que Joaqu\u00edn De La Torre ser\u00e1 anunciado como el dirigente a cargo de los temas de Desarrollo Social de los equipos de gobierno de Bullrich, y Javier Iguacel al frente de Energ\u00eda.<\/p>\n\n\n\n<p>La ex ministra de Seguridad pretende que esas personalidades pol\u00edticas y t\u00e9cnicas asuman la vocer\u00eda de esos temas durante la campa\u00f1a. De este modo, Bullrich da paso a la etapa m\u00e1s program\u00e1tica de su estrategia de campa\u00f1a. El encuentro se realizar\u00e1 ma\u00f1ana a las 17:15 en un sal\u00f3n del Hotel Palladium, en Callao 924, en el barrio de Recoleta. Bullrich liderar\u00e1 el evento y ser\u00e1 el centro de una foto que busca darle volumen pol\u00edtico y t\u00e9cnico a su campa\u00f1a.<\/p>\n\n\n\n<p>Tambi\u00e9n dar\u00e1 paso a la etapa electoral en la que comenzar\u00e1 a desplegar sus propuestas. Fohrig lidera un equipo que trabaja hace un a\u00f1o y medio en 23 \u00e1reas tem\u00e1ticas. El martes, Bullrich difundir\u00e1 un documento con un paquete de propuestas y medidas que desea ejecutar si gana las elecciones.<\/p>\n\n\n\n<p>En relaci\u00f3n con los nombres que saldr\u00e1n a la cancha ma\u00f1ana, en el evento en el Palladium Hotel, estar\u00e1n Bernardo Saravia Fr\u00edas, ex Procurador del Tesoro de la Naci\u00f3n (referente de Justicia), Pablo Bereciartua, presidente del Colegio de Ingenieros (Infraestructura), Guillermo Bernaudo, Ex Secretario de Agricultura, Ganader\u00eda y Pesca de la Naci\u00f3n (Agroindustria), Andr\u00e9s Ibarra (de viaje ahora) ex ministro de Modernizaci\u00f3n, y Silvina Mart\u00ednez, abogada, (Simplificaci\u00f3n del Estado y Transparencia), Julio Montero, fil\u00f3sofo y doctor en Teor\u00eda Pol\u00edtica por University College London (Cultura), Galo Soler Illia, doctor en qu\u00edmica especializado en nanotecnolog\u00eda, investigador del CONICET (Ciencia y Tecnolog\u00eda).<\/p>\n\n\n\n<p>Bullrich deja claro ante sus \u00edntimos que a\u00fan no va a &#8220;repartir cargos&#8221; y que no necesariamente presentar\u00e1 ma\u00f1ana a sus futuros ministros. Aunque s\u00ed asevera que son sus referentes en esa \u00e1reas program\u00e1ticas, que ganar\u00e1n protagonismo en la campa\u00f1a y tendr\u00e1n un rol clave en su eventual gobierno.<\/p>\n\n\n\n<p><em>Fuente: Infobae.<\/em><\/p>\n","protected":false},"excerpt":{"rendered":"<p>Tras presentar a Melconian como su referente econ\u00f3mico, la candidata a Presidenta de JxC sacar\u00e1 a la cancha ma\u00f1ana a quienes ocupar\u00e1n roles claves en su eventual Gobierno. Difundir\u00e1 tambi\u00e9n&hellip; <\/p>\n","protected":false},"author":6,"featured_media":85141,"comment_status":"closed","ping_status":"open","sticky":false,"template":"","format":"standard","meta":{"footnotes":""},"categories":[3],"tags":[],"class_list":["post-85140","post","type-post","status-publish","format-standard","has-post-thumbnail","hentry","category-politica"],"_links":{"self":[{"href":"https:\/\/corrientesdetarde.com\/index.php\/wp-json\/wp\/v2\/posts\/85140","targetHints":{"allow":["GET"]}}],"collection":[{"href":"https:\/\/corrientesdetarde.com\/index.php\/wp-json\/wp\/v2\/posts"}],"about":[{"href":"https:\/\/corrientesdetarde.com\/index.php\/wp-json\/wp\/v2\/types\/post"}],"author":[{"embeddable":true,"href":"https:\/\/corrientesdetarde.com\/index.php\/wp-json\/wp\/v2\/users\/6"}],"replies":[{"embeddable":true,"href":"https:\/\/corrientesdetarde.com\/index.php\/wp-json\/wp\/v2\/comments?post=85140"}],"version-history":[{"count":1,"href":"https:\/\/corrientesdetarde.com\/index.php\/wp-json\/wp\/v2\/posts\/85140\/revisions"}],"predecessor-version":[{"id":85142,"href":"https:\/\/corrientesdetarde.com\/index.php\/wp-json\/wp\/v2\/posts\/85140\/revisions\/85142"}],"wp:featuredmedia":[{"embeddable":true,"href":"https:\/\/corrientesdetarde.com\/index.php\/wp-json\/wp\/v2\/media\/85141"}],"wp:attachment":[{"href":"https:\/\/corrientesdetarde.com\/index.php\/wp-json\/wp\/v2\/media?parent=85140"}],"wp:term":[{"taxonomy":"category","embeddable":true,"href":"https:\/\/corrientesdetarde.com\/index.php\/wp-json\/wp\/v2\/categories?post=85140"},{"taxonomy":"post_tag","embeddable":true,"href":"https:\/\/corrientesdetarde.com\/index.php\/wp-json\/wp\/v2\/tags?post=85140"}],"curies":[{"name":"wp","href":"https:\/\/api.w.org\/{rel}","templated":true}]}}