{"id":85145,"date":"2023-09-03T21:56:48","date_gmt":"2023-09-04T00:56:48","guid":{"rendered":"https:\/\/corrientesdetarde.com\/?p=85145"},"modified":"2023-09-03T21:56:52","modified_gmt":"2023-09-04T00:56:52","slug":"reaparecio-marcelo-dalessandro-y-reclamo-por-una-ley-penal-juvenil","status":"publish","type":"post","link":"https:\/\/corrientesdetarde.com\/index.php\/nacionales\/reaparecio-marcelo-dalessandro-y-reclamo-por-una-ley-penal-juvenil\/","title":{"rendered":"Reapareci\u00f3 Marcelo D\u00b4Alessandro y reclam\u00f3 por una Ley Penal Juvenil."},"content":{"rendered":"\n<h2 class=\"wp-block-heading\">Despu\u00e9s de su renuncia, D\u00b4Alessandro volvi\u00f3 al ruedo y habl\u00f3 tras el crimen de ingeniero en Palermo.<\/h2>\n\n\n\n<p>El ex ministro de Justicia y Seguridad porte\u00f1o Marcelo D\u00b4Alessandro rompi\u00f3 el silencio tras el crimen del ingeniero Mariano Barbieri en el barrio porte\u00f1o de Palermo y reclam\u00f3 por una Ley Penal Juvenil. Adem\u00e1s, expres\u00f3: &#8220;Si te alejas de la gente, termina pasando que el trabajo que se hac\u00eda se va desandando&#8221;.<br>En di\u00e1logo con Radio Rivadavia, el exfuncionario asegur\u00f3 que tiene una buena relaci\u00f3n con quien fue su sucesor, Eugenio Burzaco -recientemente despedido por Horacio Rodr\u00edguez Larreta-, y plante\u00f3 que &#8220;es anecd\u00f3tico&#8221; si se encontraba en Estados Unidos.<\/p>\n\n\n\n<p>&#8220;Es m\u00e1s f\u00e1cil buscar un culpable. Con la tecnolog\u00eda y el profesionalismo, la Polic\u00eda de la Ciudad lo va a detener y nos vamos a dar cuenta que esta persona tiene muchas alertas tempranas&#8221;, reafirm\u00f3 en una entrevista para el programa &#8220;Si Pasa, Pasa&#8221;, conducido por el periodista Ignacio Ortelli.<\/p>\n\n\n\n<p>En la misma l\u00ednea, remarc\u00f3: &#8220;A veces recae todo sobre el polic\u00eda, pero ac\u00e1 debe funcionar una cadena. Las personas, los menores, siempre dieron alertas tempranas y nunca funcion\u00f3 como se deber\u00eda funcionar. Inici\u00f3 seguro por una contravenci\u00f3n y termin\u00f3 con un da\u00f1o irreparable&#8221;.<\/p>\n\n\n\n<p>&nbsp;<br>D&#8221;Alessandro que dej\u00f3 su cargo en marzo, expres\u00f3 adem\u00e1s que la salida para combatir la inseguridad no es ubicar efectivos &#8220;en todas las esquinas&#8221; sino impulsar una Ley Penal Juvenil que permita regular los casos que involucran a menores de edad en situaciones delictivas.<\/p>\n\n\n\n<p>&#8220;Todos dicen no persigamos a los pobres chicos, y no son chicos peligrosos, son chicos en peligro que terminan o matando o muriendo en un enfrentamiento&#8221;, afirm\u00f3, y continu\u00f3: &#8220;La clase pol\u00edtica no se puede sentar a definir una ley penal juvenil para protegerlos a ellos y a los terceros&#8221;.<\/p>\n\n\n\n<p>&nbsp;<br>Para el exministro, sin la legislaci\u00f3n se contin\u00faa &#8220;barriendo el problema debajo de la alfombra&#8221; por lo que pidi\u00f3 actuar ante m\u00ednimos episodios de inseguridad. Al respecto, ejemplific\u00f3 que en la ciudad de Buenos Aires, la Polic\u00eda local tiene la orden de dictar una contravenci\u00f3n a la persona que encuentre portando un arma blanca, como puede ser un cuchillo, a pesar de que no lo haya utilizado.<\/p>\n\n\n\n<p>&#8220;En diferentes situaciones, a trapitos o personas en situaci\u00f3n de calle se les encuentran un cuchillo y eso es una contravenci\u00f3n, pero despu\u00e9s dicen que la Polic\u00eda los persigue y estigmatiza&#8221;, argument\u00f3 y concluy\u00f3: &#8220;Esa persona que lleva el cuchillo, a cu\u00e1nto est\u00e1 de agarrarlo y robar. Despu\u00e9s es f\u00e1cil decir que la polic\u00eda no hizo lo que tiene que hacer&#8221;.<\/p>\n\n\n\n<p><\/p>\n","protected":false},"excerpt":{"rendered":"<p>Despu\u00e9s de su renuncia, D\u00b4Alessandro volvi\u00f3 al ruedo y habl\u00f3 tras el crimen de ingeniero en Palermo. El ex ministro de Justicia y Seguridad porte\u00f1o Marcelo D\u00b4Alessandro rompi\u00f3 el silencio&hellip; <\/p>\n","protected":false},"author":6,"featured_media":85152,"comment_status":"closed","ping_status":"open","sticky":false,"template":"","format":"standard","meta":{"footnotes":""},"categories":[10],"tags":[],"class_list":["post-85145","post","type-post","status-publish","format-standard","has-post-thumbnail","hentry","category-nacionales"],"_links":{"self":[{"href":"https:\/\/corrientesdetarde.com\/index.php\/wp-json\/wp\/v2\/posts\/85145","targetHints":{"allow":["GET"]}}],"collection":[{"href":"https:\/\/corrientesdetarde.com\/index.php\/wp-json\/wp\/v2\/posts"}],"about":[{"href":"https:\/\/corrientesdetarde.com\/index.php\/wp-json\/wp\/v2\/types\/post"}],"author":[{"embeddable":true,"href":"https:\/\/corrientesdetarde.com\/index.php\/wp-json\/wp\/v2\/users\/6"}],"replies":[{"embeddable":true,"href":"https:\/\/corrientesdetarde.com\/index.php\/wp-json\/wp\/v2\/comments?post=85145"}],"version-history":[{"count":1,"href":"https:\/\/corrientesdetarde.com\/index.php\/wp-json\/wp\/v2\/posts\/85145\/revisions"}],"predecessor-version":[{"id":85153,"href":"https:\/\/corrientesdetarde.com\/index.php\/wp-json\/wp\/v2\/posts\/85145\/revisions\/85153"}],"wp:featuredmedia":[{"embeddable":true,"href":"https:\/\/corrientesdetarde.com\/index.php\/wp-json\/wp\/v2\/media\/85152"}],"wp:attachment":[{"href":"https:\/\/corrientesdetarde.com\/index.php\/wp-json\/wp\/v2\/media?parent=85145"}],"wp:term":[{"taxonomy":"category","embeddable":true,"href":"https:\/\/corrientesdetarde.com\/index.php\/wp-json\/wp\/v2\/categories?post=85145"},{"taxonomy":"post_tag","embeddable":true,"href":"https:\/\/corrientesdetarde.com\/index.php\/wp-json\/wp\/v2\/tags?post=85145"}],"curies":[{"name":"wp","href":"https:\/\/api.w.org\/{rel}","templated":true}]}}