{"id":85146,"date":"2023-09-03T21:52:52","date_gmt":"2023-09-04T00:52:52","guid":{"rendered":"https:\/\/corrientesdetarde.com\/?p=85146"},"modified":"2023-09-04T09:12:05","modified_gmt":"2023-09-04T12:12:05","slug":"el-smn-declaro-oficialmente-la-presencia-de-el-nino-en-argentina","status":"publish","type":"post","link":"https:\/\/corrientesdetarde.com\/index.php\/locales\/el-smn-declaro-oficialmente-la-presencia-de-el-nino-en-argentina\/","title":{"rendered":"El SMN declar\u00f3 oficialmente la presencia de &#8220;El Ni\u00f1o&#8221; en Argentina."},"content":{"rendered":"\n<h3 class=\"wp-block-heading\">La llegada a nuestra regi\u00f3n del evento clim\u00e1tico relacionado con el calentamiento del oc\u00e9ano Pac\u00edfico oriental se traducir\u00e1 en un aumento de la frecuencia y la intensidad de las precipitaciones en gran parte del centro-este y norte argentino, especialmente en Entre R\u00edos, Santa Fe y Misiones.<\/h3>\n\n\n\n<p>El Servicio Meteorol\u00f3gico Nacional (SMN) anunci\u00f3 este domingo oficialmente que las condiciones del fen\u00f3meno clim\u00e1tico de &#8220;El Ni\u00f1o&#8221; &#8220;ya est\u00e1n presentes en nuestra regi\u00f3n&#8221;.<\/p>\n\n\n\n<p>Tras varios meses de espera y expectativa por la llegada de este evento clim\u00e1tico, relacionado con el calentamiento del oc\u00e9ano Pac\u00edfico oriental, el SMN sostuvo este domingo, al actualizar su reporte, que &#8220;El Ni\u00f1o&#8221; &#8220;se instal\u00f3 en nuestra regi\u00f3n&#8221; y que se declararon oficialmente las condiciones y el &#8220;impacto que puede tener en el clima de la Argentina&#8221;.<\/p>\n\n\n\n<p>El informe mensual del Servicio Meteorol\u00f3gico Nacional, publicado el viernes \u00faltimo, anunci\u00f3 que &#8220;ya est\u00e1n dadas condiciones de El Ni\u00f1o&#8221;, y se observa en las \u00faltimas semanas que &#8220;la temperatura del Pac\u00edfico se mantuvo por encima de la temperatura umbral para este fen\u00f3meno y la atm\u00f3sfera comenz\u00f3 a responder a ese calentamiento&#8221;.<\/p>\n\n\n\n<p>El ENOS (El Ni\u00f1o-Oscilaci\u00f3n del Sur), conocido popularmente como &#8220;El Ni\u00f1o&#8221;, es un fen\u00f3meno clim\u00e1tico natural que cumple una recurrencia de entre dos y siete a\u00f1os.<\/p>\n\n\n\n<p>&#8220;Sus impactos en el clima son de escala global y var\u00edan seg\u00fan la regi\u00f3n del planeta y la \u00e9poca del a\u00f1o en que el fen\u00f3meno se presente&#8221;, indica el SMN.<\/p>\n\n\n\n<figure class=\"wp-block-embed is-type-rich is-provider-twitter wp-block-embed-twitter\"><div class=\"wp-block-embed__wrapper\">\n<blockquote class=\"twitter-tweet\" data-width=\"550\" data-dnt=\"true\"><p lang=\"es\" dir=\"ltr\">Argentina declara oficialmente las condiciones de <a href=\"https:\/\/twitter.com\/hashtag\/ElNi%C3%B1o?src=hash&amp;ref_src=twsrc%5Etfw\">#ElNi\u00f1o<\/a><br><br>\u00bfQu\u00e9 implica esto para el clima de nuestro pa\u00eds? \u26c8\ud83d\udc47\ud83c\udffd<\/p>&mdash; SMN Argentina (@SMN_Argentina) <a href=\"https:\/\/twitter.com\/SMN_Argentina\/status\/1698344093481406955?ref_src=twsrc%5Etfw\">September 3, 2023<\/a><\/blockquote><script async src=\"https:\/\/platform.twitter.com\/widgets.js\" charset=\"utf-8\"><\/script>\n<\/div><\/figure>\n\n\n\n<p>&#8220;Las anomal\u00edas de temperatura del agua del mar, en el oc\u00e9ano Pac\u00edfico ecuatorial, son consistentes con una fase Ni\u00f1o. Se observ\u00f3 debilitamiento de los vientos alisios desde mediados de julio, lo cual indicar\u00eda que la atm\u00f3sfera comenz\u00f3 a acoplarse al oc\u00e9ano. El \u00cdndice actual de Oscilaci\u00f3n del Sur mantuvo valores negativos, dato caracter\u00edstico de una fase c\u00e1lida&#8221;, dice el informe de la instituci\u00f3n, encargada de dirigir la actividad meteorol\u00f3gica nacional y el desarrollo de actividades afines.<\/p>\n\n\n\n<p>En cuanto al trimestre de septiembre-octubre-noviembre 2023, los pron\u00f3sticos indican que hay 99% de probabilidad de que las condiciones de El Ni\u00f1o se mantengan presentes.<\/p>\n\n\n\n<p>Desde la d\u00e9cada de 1960 hasta la actualidad se registraron 21 fen\u00f3menos ENOS durante las primaveras.<\/p>\n\n\n\n<p>La influencia de El Ni\u00f1o aumenta la frecuencia y la intensidad de precipitaciones en gran parte del centro-este y norte argentino, especialmente en las provincias de Misiones, Corrientes y norte de Santa Fe.<\/p>\n\n\n\n<p>Estas provincias se caracterizan por ser las que tienen mayor vinculaci\u00f3n con el fen\u00f3meno de El Ni\u00f1o. De hecho, de acuerdo a los datos hist\u00f3ricos, de las diez primaveras m\u00e1s lluviosas en esta regi\u00f3n, siete fueron en a\u00f1os con presencia de El Ni\u00f1o.<\/p>\n","protected":false},"excerpt":{"rendered":"<p>La llegada a nuestra regi\u00f3n del evento clim\u00e1tico relacionado con el calentamiento del oc\u00e9ano Pac\u00edfico oriental se traducir\u00e1 en un aumento de la frecuencia y la intensidad de las precipitaciones&hellip; <\/p>\n","protected":false},"author":6,"featured_media":85150,"comment_status":"closed","ping_status":"open","sticky":false,"template":"","format":"standard","meta":{"footnotes":""},"categories":[29,8],"tags":[],"class_list":["post-85146","post","type-post","status-publish","format-standard","has-post-thumbnail","hentry","category-clima","category-locales"],"_links":{"self":[{"href":"https:\/\/corrientesdetarde.com\/index.php\/wp-json\/wp\/v2\/posts\/85146","targetHints":{"allow":["GET"]}}],"collection":[{"href":"https:\/\/corrientesdetarde.com\/index.php\/wp-json\/wp\/v2\/posts"}],"about":[{"href":"https:\/\/corrientesdetarde.com\/index.php\/wp-json\/wp\/v2\/types\/post"}],"author":[{"embeddable":true,"href":"https:\/\/corrientesdetarde.com\/index.php\/wp-json\/wp\/v2\/users\/6"}],"replies":[{"embeddable":true,"href":"https:\/\/corrientesdetarde.com\/index.php\/wp-json\/wp\/v2\/comments?post=85146"}],"version-history":[{"count":2,"href":"https:\/\/corrientesdetarde.com\/index.php\/wp-json\/wp\/v2\/posts\/85146\/revisions"}],"predecessor-version":[{"id":85208,"href":"https:\/\/corrientesdetarde.com\/index.php\/wp-json\/wp\/v2\/posts\/85146\/revisions\/85208"}],"wp:featuredmedia":[{"embeddable":true,"href":"https:\/\/corrientesdetarde.com\/index.php\/wp-json\/wp\/v2\/media\/85150"}],"wp:attachment":[{"href":"https:\/\/corrientesdetarde.com\/index.php\/wp-json\/wp\/v2\/media?parent=85146"}],"wp:term":[{"taxonomy":"category","embeddable":true,"href":"https:\/\/corrientesdetarde.com\/index.php\/wp-json\/wp\/v2\/categories?post=85146"},{"taxonomy":"post_tag","embeddable":true,"href":"https:\/\/corrientesdetarde.com\/index.php\/wp-json\/wp\/v2\/tags?post=85146"}],"curies":[{"name":"wp","href":"https:\/\/api.w.org\/{rel}","templated":true}]}}