{"id":85167,"date":"2023-09-03T22:38:06","date_gmt":"2023-09-04T01:38:06","guid":{"rendered":"https:\/\/corrientesdetarde.com\/?p=85167"},"modified":"2023-09-03T22:38:07","modified_gmt":"2023-09-04T01:38:07","slug":"ciclo-de-conferencias-telco-conf-2023","status":"publish","type":"post","link":"https:\/\/corrientesdetarde.com\/index.php\/informacion-general\/ciclo-de-conferencias-telco-conf-2023\/","title":{"rendered":"Ciclo de conferencias TelCo Conf 2023."},"content":{"rendered":"\n<h2 class=\"wp-block-heading\"><\/h2>\n\n\n\n<p>&#8220;La idea es que sea como una reuni\u00f3n de personas que comuniquen el mundo nuevo que se viene, en el que estamos todos un poco involucrados y por ah\u00ed lo vemos desde lejos, pero nos atraviesa a cada uno&#8221;, explic\u00f3 uno de los integrantes del directorio de Corrientes Telecomunicaciones (TelCo), Miguel M\u00e9ndez, respecto a la TelCo Conf 2023, de la cual son los organizadores y que se llevar\u00e1 adelante este jueves 7 y viernes 8 de septiembre, en el Auditorio &#8220;Juli\u00e1n Zini&#8221; situado en el edificio del Banco de Corrientes. Remarc\u00f3 que durante ambas jornadas se abordar\u00e1 todo &#8220;lo que tenga que ver con tecnolog\u00eda aplicada a la actualidad, como Inteligencia Artificial, rob\u00f3tica, Web3, Blockchain, GovTech, Data Science y transformaci\u00f3n digital, entre otros&#8221;.<\/p>\n\n\n\n<p>Cont\u00f3 que una de las \u00e1reas m\u00e1s importe de TelCo, es la de desarrollo de software, donde &#8220;tenemos cerca de 15 desarrolladores que son todos ingenieros y Licenciados en Sistemas recibidos en la UNNE (Universidad Nacional del Nordeste) o la UTN (Universidad Tecnol\u00f3gica Nacional)&#8221;. Dijo que &#8220;son mentes brillantes que lograron, por ejemplo, construir una pasarela de pago al estilo Mercado Pago, que es Wee, de la cual la Provincia es due\u00f1a, o un sistema de gesti\u00f3n de expedientes muy interesante&#8221;.<\/p>\n\n\n\n<p>Justamente, &#8220;cuando surgi\u00f3 la idea de TelCo Conf fue para tratar de acercar un poco esas mentes brillantes que son speakers en otros escenarios y que a veces no tenemos la posibilidad de viajar a Buenos Aires a escucharlos, entonces construimos este espacio para que estos especialistas diserten ac\u00e1 y todos puedan acceder y aprender&#8221; se\u00f1al\u00f3.<\/p>\n\n\n\n<p>Por otra parte, recordaron que la primera edici\u00f3n fue muy exitosa, con un auditorio completo, al cual asisti\u00f3 a una de las jornadas el gobernador Gustavo Vald\u00e9s. Desde la organizaci\u00f3n aseguraron que &#8220;como balance del 2022, se destaca el bot\u00f3n de pagos Wee, que en ese momento se lo anunci\u00f3 y present\u00f3, y ahora ya est\u00e1 implementado en Rentas y la DPEC (Direcci\u00f3n Provincial de Energ\u00eda de Corrientes), donde los correntinos tienen la opci\u00f3n de pagar sus impuestos con una plataforma de pago desarrollada \u00edntegramente por TelCo, con recursos humanos locales&#8221;, que, adem\u00e1s, &#8220;los ingresos que genera la aplicaci\u00f3n, se reinvierten en la Provincia&#8221;.<\/p>\n\n\n\n<p>Cabe recordar que ambas jornadas iniciar\u00e1n a las 8 y se extender\u00e1n hasta las 14 horas. El sitio web oficial del evento es https:\/\/telcoconf.io\/, en el cual se podr\u00e1 encontrar la informaci\u00f3n actualizada sobre los speakers, agenda, y adquisici\u00f3n y venta de entradas, que adem\u00e1s del acceso a las distintas conferencias incluye coffee break y lunch.<\/p>\n\n\n\n<p>Para consultas se encuentra disponible el mail&nbsp;info@telco.com.ar&nbsp;y el tel\u00e9fono 0810-555-8352.<\/p>\n","protected":false},"excerpt":{"rendered":"<p>&#8220;La idea es que sea como una reuni\u00f3n de personas que comuniquen el mundo nuevo que se viene, en el que estamos todos un poco involucrados y por ah\u00ed lo&hellip; <\/p>\n","protected":false},"author":6,"featured_media":85179,"comment_status":"closed","ping_status":"open","sticky":false,"template":"","format":"standard","meta":{"footnotes":""},"categories":[1],"tags":[],"class_list":["post-85167","post","type-post","status-publish","format-standard","has-post-thumbnail","hentry","category-informacion-general"],"_links":{"self":[{"href":"https:\/\/corrientesdetarde.com\/index.php\/wp-json\/wp\/v2\/posts\/85167","targetHints":{"allow":["GET"]}}],"collection":[{"href":"https:\/\/corrientesdetarde.com\/index.php\/wp-json\/wp\/v2\/posts"}],"about":[{"href":"https:\/\/corrientesdetarde.com\/index.php\/wp-json\/wp\/v2\/types\/post"}],"author":[{"embeddable":true,"href":"https:\/\/corrientesdetarde.com\/index.php\/wp-json\/wp\/v2\/users\/6"}],"replies":[{"embeddable":true,"href":"https:\/\/corrientesdetarde.com\/index.php\/wp-json\/wp\/v2\/comments?post=85167"}],"version-history":[{"count":1,"href":"https:\/\/corrientesdetarde.com\/index.php\/wp-json\/wp\/v2\/posts\/85167\/revisions"}],"predecessor-version":[{"id":85180,"href":"https:\/\/corrientesdetarde.com\/index.php\/wp-json\/wp\/v2\/posts\/85167\/revisions\/85180"}],"wp:featuredmedia":[{"embeddable":true,"href":"https:\/\/corrientesdetarde.com\/index.php\/wp-json\/wp\/v2\/media\/85179"}],"wp:attachment":[{"href":"https:\/\/corrientesdetarde.com\/index.php\/wp-json\/wp\/v2\/media?parent=85167"}],"wp:term":[{"taxonomy":"category","embeddable":true,"href":"https:\/\/corrientesdetarde.com\/index.php\/wp-json\/wp\/v2\/categories?post=85167"},{"taxonomy":"post_tag","embeddable":true,"href":"https:\/\/corrientesdetarde.com\/index.php\/wp-json\/wp\/v2\/tags?post=85167"}],"curies":[{"name":"wp","href":"https:\/\/api.w.org\/{rel}","templated":true}]}}