{"id":85175,"date":"2023-09-03T22:37:23","date_gmt":"2023-09-04T01:37:23","guid":{"rendered":"https:\/\/corrientesdetarde.com\/?p=85175"},"modified":"2023-09-03T22:37:34","modified_gmt":"2023-09-04T01:37:34","slug":"moyano-advirtio-que-ni-con-la-detencion-de-sindicalistas-se-podria-avanzar-con-propuestas-opositoras","status":"publish","type":"post","link":"https:\/\/corrientesdetarde.com\/index.php\/politica\/moyano-advirtio-que-ni-con-la-detencion-de-sindicalistas-se-podria-avanzar-con-propuestas-opositoras\/","title":{"rendered":"MOYANO ADVIRTI\u00d3 QUE NI CON LA DETENCI\u00d3N DE SINDICALISTAS SE PODR\u00cdA AVANZAR CON PROPUESTAS OPOSITORAS"},"content":{"rendered":"\n<p>(Pablo Roma, Gremiales) &#8211; El secretario adjunto del Sindicato de Camioneros y cosecretario de la CGT, Pablo Moyano, acus\u00f3 a la candidata presidencial de Juntos por el Cambio (JxC), Patricia Bullrich, de querer &#8220;volver al pre-peronismo&#8221; con propuestas como la reforma laboral, y afirm\u00f3 que ni con la detenci\u00f3n de sindicalistas ser\u00eda posible llevar adelante ese tipo de medidas.<\/p>\n\n\n\n<p>&#8220;Ellos quieren una reforma laboral, sacarnos nuestros derechos y volver al pre-peronismo. Y no lo van a poder hacer por m\u00e1s que nos detengan&#8221;, manifest\u00f3 el dirigente sindical en di\u00e1logo con Radio 10.<\/p>\n\n\n\n<p>Moyano volvi\u00f3 a responder as\u00ed a Bullrich, quien hoy reiter\u00f3 que si el gremialista saliera a &#8220;cortar la calle&#8221; en un eventual gobierno suyo ser\u00eda el &#8220;primero en ir preso&#8221;.<\/p>\n\n\n\n<p>&#8220;El odio y desprecio que tiene hacia los trabajadores\u2026&#8221;, apunt\u00f3 Moyano sobre la postulante de JxC, sobre la que de todos modos dijo que &#8220;responderle no tiene sentido&#8221;.<\/p>\n\n\n\n<p>El referente sindical sostuvo que el candidato presidencial de La Libertad Avanza (LLA), Javier Milei, es &#8220;claramente el enemigo del peronismo&#8221;, por lo que llam\u00f3 a &#8220;militar&#8221; y &#8220;concientizar que los que est\u00e1n en frente vienen por los derechos&#8221;.<\/p>\n\n\n\n<p>&#8220;Todos tenemos que aportar nuestro granito de arena&#8221;, dijo y pidi\u00f3 que todos los &#8220;sectores del movimiento&#8221; salgan &#8220;a la calle&#8221; porque, alert\u00f3, &#8220;nos estamos jugando el futuro de millones de argentinos&#8221;.<\/p>\n","protected":false},"excerpt":{"rendered":"<p>(Pablo Roma, Gremiales) &#8211; El secretario adjunto del Sindicato de Camioneros y cosecretario de la CGT, Pablo Moyano, acus\u00f3 a la candidata presidencial de Juntos por el Cambio (JxC), Patricia&hellip; <\/p>\n","protected":false},"author":11,"featured_media":64331,"comment_status":"closed","ping_status":"open","sticky":false,"template":"","format":"standard","meta":{"footnotes":""},"categories":[26,3],"tags":[283,1038],"class_list":["post-85175","post","type-post","status-publish","format-standard","has-post-thumbnail","hentry","category-destacados","category-politica","tag-moyano","tag-nullrich"],"_links":{"self":[{"href":"https:\/\/corrientesdetarde.com\/index.php\/wp-json\/wp\/v2\/posts\/85175","targetHints":{"allow":["GET"]}}],"collection":[{"href":"https:\/\/corrientesdetarde.com\/index.php\/wp-json\/wp\/v2\/posts"}],"about":[{"href":"https:\/\/corrientesdetarde.com\/index.php\/wp-json\/wp\/v2\/types\/post"}],"author":[{"embeddable":true,"href":"https:\/\/corrientesdetarde.com\/index.php\/wp-json\/wp\/v2\/users\/11"}],"replies":[{"embeddable":true,"href":"https:\/\/corrientesdetarde.com\/index.php\/wp-json\/wp\/v2\/comments?post=85175"}],"version-history":[{"count":1,"href":"https:\/\/corrientesdetarde.com\/index.php\/wp-json\/wp\/v2\/posts\/85175\/revisions"}],"predecessor-version":[{"id":85178,"href":"https:\/\/corrientesdetarde.com\/index.php\/wp-json\/wp\/v2\/posts\/85175\/revisions\/85178"}],"wp:featuredmedia":[{"embeddable":true,"href":"https:\/\/corrientesdetarde.com\/index.php\/wp-json\/wp\/v2\/media\/64331"}],"wp:attachment":[{"href":"https:\/\/corrientesdetarde.com\/index.php\/wp-json\/wp\/v2\/media?parent=85175"}],"wp:term":[{"taxonomy":"category","embeddable":true,"href":"https:\/\/corrientesdetarde.com\/index.php\/wp-json\/wp\/v2\/categories?post=85175"},{"taxonomy":"post_tag","embeddable":true,"href":"https:\/\/corrientesdetarde.com\/index.php\/wp-json\/wp\/v2\/tags?post=85175"}],"curies":[{"name":"wp","href":"https:\/\/api.w.org\/{rel}","templated":true}]}}