{"id":85213,"date":"2023-09-04T10:48:38","date_gmt":"2023-09-04T13:48:38","guid":{"rendered":"https:\/\/corrientesdetarde.com\/?p=85213"},"modified":"2023-09-04T10:49:02","modified_gmt":"2023-09-04T13:49:02","slug":"la-fiscal-confirmo-que-existen-todas-las-pruebas-para-esclarecer-el-hecho-en-el-caso-de-abuso-a-una-nena","status":"publish","type":"post","link":"https:\/\/corrientesdetarde.com\/index.php\/crimen-y-justicia\/la-fiscal-confirmo-que-existen-todas-las-pruebas-para-esclarecer-el-hecho-en-el-caso-de-abuso-a-una-nena\/","title":{"rendered":"abuso a una ni\u00f1a en la Escuela: La Fiscal confirm\u00f3 que &#8220;existen todas las pruebas para esclarecer el hecho&#8221;"},"content":{"rendered":"\n<p>La fiscal de investigaci\u00f3n, Sonia Meza, a cargo de la causa del supuesto abuso a una ni\u00f1a en la Escuela 404, expres\u00f3: &#8220;el viernes por la tarde declar\u00f3 en C\u00e1mara Gesell, aport\u00f3 datos, es su versi\u00f3n de c\u00f3mo sucedieron los hechos, y dio datos que est\u00e1bamos esperando&#8221;.<\/p>\n\n\n\n<p>Asimismo, la doctora, afirm\u00f3: &#8220;m\u00e1s all\u00e1 de no revelar lo que la ni\u00f1a ha dicho, estamos investigando un hecho que supuestamente ocurri\u00f3 en el establecimiento escolar, pero debemos descartar con todas las evidencias posibles, pueda no haber acaecido en el colegio, y con una posibilidad de que haya sido en otro \u00e1mbito que no sea escolar&#8221;.<\/p>\n\n\n\n<p>A su vez, la fiscal de investigaci\u00f3n, indic\u00f3: &#8220;de confirmarse luego de la producci\u00f3n de la evidencia, que no es una persona mayor a 15 a\u00f1os, estar\u00edamos ante un caso de inimputabilidad, por eso es nuestra obligaci\u00f3n descartar esa posibilidad&#8221;.<\/p>\n\n\n\n<p>Al mismo tiempo, la doctora Meza, describi\u00f3: &#8220;desde el fuero penal los menores de 15 a\u00f1os son inimputables, el abordaje no se puede hacer desde el fuero penal, sino desde l fuero de la familia, ni\u00f1ez y adolescencia, que le corresponde a la doctora Macarrein, que ya est\u00e1 actuando desde el principio&#8221;.&nbsp;<\/p>\n\n\n\n<p>Y se\u00f1al\u00f3: &#8220;las c\u00e1maras est\u00e1n siendo analizadas, porque hab\u00eda una confusi\u00f3n con el horario, hab\u00eda un desfasaje importante con el horario, y eso se est\u00e1 analizando&#8221;.<\/p>\n\n\n\n<p>En ese mismo sentido, la fiscal de investigaci\u00f3n, manifest\u00f3: &#8220;en esta semana o la otra vamos a estar en condiciones de establecer si estamos en presencia de un mayor o un menor, como responsable de este hecho&#8221;; &#8220;de esto depende las im\u00e1genes de las c\u00e1maras que ya tenemos todas las de la zona&#8221;.<\/p>\n","protected":false},"excerpt":{"rendered":"<p>La fiscal de investigaci\u00f3n, Sonia Meza, a cargo de la causa del supuesto abuso a una ni\u00f1a en la Escuela 404, expres\u00f3: &#8220;el viernes por la tarde declar\u00f3 en C\u00e1mara&hellip; <\/p>\n","protected":false},"author":1,"featured_media":84862,"comment_status":"closed","ping_status":"open","sticky":false,"template":"","format":"standard","meta":{"footnotes":""},"categories":[5],"tags":[],"class_list":["post-85213","post","type-post","status-publish","format-standard","has-post-thumbnail","hentry","category-crimen-y-justicia"],"_links":{"self":[{"href":"https:\/\/corrientesdetarde.com\/index.php\/wp-json\/wp\/v2\/posts\/85213","targetHints":{"allow":["GET"]}}],"collection":[{"href":"https:\/\/corrientesdetarde.com\/index.php\/wp-json\/wp\/v2\/posts"}],"about":[{"href":"https:\/\/corrientesdetarde.com\/index.php\/wp-json\/wp\/v2\/types\/post"}],"author":[{"embeddable":true,"href":"https:\/\/corrientesdetarde.com\/index.php\/wp-json\/wp\/v2\/users\/1"}],"replies":[{"embeddable":true,"href":"https:\/\/corrientesdetarde.com\/index.php\/wp-json\/wp\/v2\/comments?post=85213"}],"version-history":[{"count":2,"href":"https:\/\/corrientesdetarde.com\/index.php\/wp-json\/wp\/v2\/posts\/85213\/revisions"}],"predecessor-version":[{"id":85234,"href":"https:\/\/corrientesdetarde.com\/index.php\/wp-json\/wp\/v2\/posts\/85213\/revisions\/85234"}],"wp:featuredmedia":[{"embeddable":true,"href":"https:\/\/corrientesdetarde.com\/index.php\/wp-json\/wp\/v2\/media\/84862"}],"wp:attachment":[{"href":"https:\/\/corrientesdetarde.com\/index.php\/wp-json\/wp\/v2\/media?parent=85213"}],"wp:term":[{"taxonomy":"category","embeddable":true,"href":"https:\/\/corrientesdetarde.com\/index.php\/wp-json\/wp\/v2\/categories?post=85213"},{"taxonomy":"post_tag","embeddable":true,"href":"https:\/\/corrientesdetarde.com\/index.php\/wp-json\/wp\/v2\/tags?post=85213"}],"curies":[{"name":"wp","href":"https:\/\/api.w.org\/{rel}","templated":true}]}}