{"id":85216,"date":"2023-09-04T10:50:44","date_gmt":"2023-09-04T13:50:44","guid":{"rendered":"https:\/\/corrientesdetarde.com\/?p=85216"},"modified":"2023-09-04T12:51:50","modified_gmt":"2023-09-04T15:51:50","slug":"detectaron-otros-40-trabajadores-explotados-en-un-establecimiento-forestal-en-ituzaingo","status":"publish","type":"post","link":"https:\/\/corrientesdetarde.com\/index.php\/sociales\/detectaron-otros-40-trabajadores-explotados-en-un-establecimiento-forestal-en-ituzaingo\/","title":{"rendered":"detectaron otros 40 trabajadores explotados en un establecimiento forestal\u00a0en Ituzaing\u00f3"},"content":{"rendered":"\n<p>Durante un operativo de inspecci\u00f3n laboral realizado en el departamento de Ituzaing\u00f3, se detect\u00f3 claros indicios de trata laboral en un establecimiento dedicado a la forestaci\u00f3n.<\/p>\n\n\n\n<p>La inspecci\u00f3n se realiz\u00f3 con la presencia del Delegado Regi\u00f3n NEA del Comite contra la Trata de Personas dependiente de Jefatura de Gabinete de la Naci\u00f3n, Jos\u00e9 Mar\u00eda Serb\u00edn; &nbsp;junto al delegado provincial de UATRE, Roberto Cafferata; inspectores de organismos nacionales de control y fiscalizaci\u00f3n. &nbsp;<\/p>\n\n\n\n<p>Durante el operativo de rastrillaje se detect\u00f3 en el establecimiento Don Francisco (en el Paraje Vedoya, departamento de Ituzaingo) unos 40 trabajadores viviendo a la intemperie en carpas negras de pl\u00e1stico, sin ba\u00f1os, sin cocina, sin servicios b\u00e1sicos y en p\u00e9simas condiciones de habitabilidad.<\/p>\n\n\n\n<p>Adem\u00e1s, se comprob\u00f3 que los trabajadores fueron trasladados desde la provincia de Misiones hasta el establecimiento forestal para realizar tareas de plantaci\u00f3n y raleo en forestaci\u00f3n por la misma empresa.&nbsp;<\/p>\n\n\n\n<p>El delegado del Comit\u00e9 contra la Trata detall\u00f3 que &#8220;se detectaron claros indicios de explotaci\u00f3n laboral, debido a que viven en condiciones inhumanas, sin servicios b\u00e1sicos, como energ\u00eda el\u00e9ctrica o agua potable; est\u00e1n fuera de la escala salarial y con jornadas extensas sin d\u00edas de descanso&#8221;.&nbsp;<\/p>\n\n\n\n<figure class=\"wp-block-image\"><img decoding=\"async\" src=\"https:\/\/www.diarioepoca.com\/content\/bucket\/0\/1317780w762h572c.jpg.webp\" alt=\"\"\/><\/figure>\n\n\n\n<p>Los trabajadores tambi\u00e9n realizaban sus tareas sin las debidas condiciones de seguridad e higiene, sin ropa de trabajo ni elementos de protecci\u00f3n.<\/p>\n\n\n\n<p>Los trabajadores expresaron que el empleador les descontaba los alimentos y el valor de las herramientas.&nbsp;Asimismo, en otros establecimientos que funcionan bajo la modalidad de cooperativa, se comprob\u00f3 nuevamente un posible fraude laboral. Los trabajadores declararon que son monotributistas y reciben sus haberes a trav\u00e9s de pagos con tarjetas, pero nunca participaron de una reuni\u00f3n de asamblea y desconocen a los responsables de la &#8220;Cooperativa Crear Mi Casa&#8221;.<\/p>\n\n\n\n<p>Los organismos inspectores han realizado en los \u00faltimos a\u00f1os sendos operativos con allanamientos y los trabajadores relevados v\u00edctimas de explotaci\u00f3n accedieron a prestaciones y restituci\u00f3n de derechos por parte del estado nacional.<\/p>\n\n\n\n<p><\/p>\n","protected":false},"excerpt":{"rendered":"<p>Durante un operativo de inspecci\u00f3n laboral realizado en el departamento de Ituzaing\u00f3, se detect\u00f3 claros indicios de trata laboral en un establecimiento dedicado a la forestaci\u00f3n. La inspecci\u00f3n se realiz\u00f3&hellip; <\/p>\n","protected":false},"author":1,"featured_media":85235,"comment_status":"closed","ping_status":"open","sticky":false,"template":"","format":"standard","meta":{"footnotes":""},"categories":[17],"tags":[],"class_list":["post-85216","post","type-post","status-publish","format-standard","has-post-thumbnail","hentry","category-sociales"],"_links":{"self":[{"href":"https:\/\/corrientesdetarde.com\/index.php\/wp-json\/wp\/v2\/posts\/85216","targetHints":{"allow":["GET"]}}],"collection":[{"href":"https:\/\/corrientesdetarde.com\/index.php\/wp-json\/wp\/v2\/posts"}],"about":[{"href":"https:\/\/corrientesdetarde.com\/index.php\/wp-json\/wp\/v2\/types\/post"}],"author":[{"embeddable":true,"href":"https:\/\/corrientesdetarde.com\/index.php\/wp-json\/wp\/v2\/users\/1"}],"replies":[{"embeddable":true,"href":"https:\/\/corrientesdetarde.com\/index.php\/wp-json\/wp\/v2\/comments?post=85216"}],"version-history":[{"count":1,"href":"https:\/\/corrientesdetarde.com\/index.php\/wp-json\/wp\/v2\/posts\/85216\/revisions"}],"predecessor-version":[{"id":85236,"href":"https:\/\/corrientesdetarde.com\/index.php\/wp-json\/wp\/v2\/posts\/85216\/revisions\/85236"}],"wp:featuredmedia":[{"embeddable":true,"href":"https:\/\/corrientesdetarde.com\/index.php\/wp-json\/wp\/v2\/media\/85235"}],"wp:attachment":[{"href":"https:\/\/corrientesdetarde.com\/index.php\/wp-json\/wp\/v2\/media?parent=85216"}],"wp:term":[{"taxonomy":"category","embeddable":true,"href":"https:\/\/corrientesdetarde.com\/index.php\/wp-json\/wp\/v2\/categories?post=85216"},{"taxonomy":"post_tag","embeddable":true,"href":"https:\/\/corrientesdetarde.com\/index.php\/wp-json\/wp\/v2\/tags?post=85216"}],"curies":[{"name":"wp","href":"https:\/\/api.w.org\/{rel}","templated":true}]}}