{"id":85309,"date":"2023-09-04T15:27:12","date_gmt":"2023-09-04T18:27:12","guid":{"rendered":"https:\/\/corrientesdetarde.com\/?p=85309"},"modified":"2023-09-04T15:27:18","modified_gmt":"2023-09-04T18:27:18","slug":"la-definicion-de-fernando-burlando-sobre-la-autopsia-a-silvina-luna-que-complica-a-anibal-lotocki","status":"publish","type":"post","link":"https:\/\/corrientesdetarde.com\/index.php\/espectaculos\/la-definicion-de-fernando-burlando-sobre-la-autopsia-a-silvina-luna-que-complica-a-anibal-lotocki\/","title":{"rendered":"La definici\u00f3n de Fernando Burlando sobre la autopsia a Silvina Luna que complica a An\u00edbal Lotocki"},"content":{"rendered":"\n<p>El abogado dijo que denunci\u00f3 por homicidio a An\u00edbal Lotocki, el m\u00e9dico que oper\u00f3 a la modelo.<\/p>\n\n\n\n<p>El abogado Fernando Burlando representa a la familia de Silvina Luna. (Foto: NA\/Instagram-silvinalunoficial)<\/p>\n\n\n\n<p>En una entrevista con\u00a0<em>Intrusos<\/em>\u00a0(<em>Am\u00e9rica<\/em>), el abogado Fernando Burlando habl\u00f3 luego de que terminara la autopsia a Silvina Luna\u00a0y confirm\u00f3 que, a partir de este estudio,<strong>\u00a0denunci\u00f3 por homicidio a\u00a0 An\u00edbal Lotocki<\/strong>.<\/p>\n\n\n\n<p>\u201cSe pudo extraer material que ha sido puesto oportunamente\u00a0<strong>en su cuerpo por Lotocki<\/strong>\u201d, coment\u00f3 el letrado, que indic\u00f3 que los resultados estar\u00e1n en \u201cunos cuantos d\u00edas\u201d.<\/p>\n\n\n\n<h2 class=\"wp-block-heading\">Qu\u00e9 dijo Fernando Burlando sobre la autopsia a Silvina Luna<\/h2>\n\n\n\n<p>El representante legal de la familia de Luna afirm\u00f3 que le hab\u00eda sugerido al hermano de la modelo que<strong>&nbsp;no presenciara el estudio&nbsp;<\/strong>que se hizo en la Morgue Judicial, desde donde Burlando habl\u00f3 con la prensa.<\/p>\n\n\n\n<figure class=\"wp-block-image\"><img decoding=\"async\" src=\"https:\/\/tn.com.ar\/resizer\/GPs0H7zJcoQey7lDw6vn50C0480=\/767x0\/smart\/filters:format(webp)\/cloudfront-us-east-1.images.arcpublishing.com\/artear\/W2ABK7EC7FDU5E5RLVMZRNRPTA.jpg\" alt=\"Antes de morir, Silvina Luna estuvo internada 79 d\u00edas. (Foto: Instagram\/silvinalunaoficial)\n\"\/><\/figure>\n\n\n\n<p>\u201cLe recomendamos que era algo&nbsp;<strong>muy fuerte para ver<\/strong>, y realmente es una imagen digna de olvidar.&nbsp;<strong>\u00c9l quer\u00eda estar presente<\/strong>, se est\u00e1 poniendo a cuestas todos los temas que eran importantes para su hermana\u201d, reflexion\u00f3.<\/p>\n\n\n\n<p>Sobre esto, Burlando cont\u00f3 que vio c\u00f3mo hicieron el estudio.&nbsp;<strong>\u201cMe parecieron s\u00faper profesionales todos\u201d<\/strong>, opin\u00f3 acerca de quienes estuvieron detr\u00e1s del examen a los restos de la medi\u00e1tica.<\/p>\n\n\n\n<p>Acerca del material que extrajeron del cuerpo de Luna, el abogado sostuvo que fue \u201cmucho\u201d. \u201c<strong>Hab\u00eda en los gl\u00fateos y en las piernas<\/strong>. Tambi\u00e9n se hab\u00eda depositado detr\u00e1s de la rodilla por lo que se pudo observar.&nbsp;<strong>Era algo pesado y duro<\/strong>\u201d, asegur\u00f3.<\/p>\n\n\n\n<p>Luego, remarc\u00f3 que este elemento que habr\u00eda comprometido la salud de la modelo, estaba tambi\u00e9n alojado en el ci\u00e1tico.&nbsp;<strong>\u201cEvidentemente ten\u00eda parte de este material que era como piedra<\/strong>. Lo digo desde el sentido com\u00fan: el compromiso de su columna seguramente ten\u00eda que ver con todo esto\u201d, enfatiz\u00f3.<\/p>\n\n\n\n<figure class=\"wp-block-image\"><img decoding=\"async\" src=\"https:\/\/tn.com.ar\/resizer\/31x_KPa3At4zktvXNVMTSZ4luco=\/767x0\/smart\/filters:format(webp)\/cloudfront-us-east-1.images.arcpublishing.com\/artear\/56HW5YXO4ZBBFEFT7EUGYKN47I.jpg\" alt=\"Fernando Burlando inici\u00f3 una feroz embestida judicial por la muerte de Silvina Luna. (Foto: captura de eltrece \/ Instagram silvinalunaoficial)\"\/><\/figure>\n\n\n\n<p>Acerca de la situaci\u00f3n judicial nueva que se abre desde este momento, Burlando dijo que&nbsp;<strong>el proceso que se inici\u00f3 va a demorar varios d\u00edas.&nbsp;<\/strong>\u201cNos presentamos con Ezequiel como querellantes\u201d, confirm\u00f3 el abogado.<\/p>\n\n\n\n<p><strong>\u201c\u00bfEsto ir\u00e1 a un juicio nuevo?\u201d, pregunt\u00f3 Flor de la V.&nbsp;<\/strong>\u201cEs una denuncia por homicidio. Son pr\u00e1cticamente los mismo hechos, pero con un resultado diferente: se est\u00e1 investigando si hubo&nbsp;<strong>un nexo causal<\/strong>&nbsp;entre el material que le coloc\u00f3 Lotocki y el resultado de la muerte\u201d, recalc\u00f3 el letrado.<\/p>\n\n\n\n<p>Sobre el final de la entrevista,\u00a0<strong>Marcela Tauro<\/strong>\u00a0le dijo a Burlando que no lo notaba bien tras haber salido de presenciar la autopsia. \u201cEstoy mal. Fue una diligencia dura sobre alguien muy querido.\u00a0<strong>Quer\u00edamos estar presentes<\/strong>\u00a0porque ven\u00edamos caminando esta investigaci\u00f3n hace mucho tiempo\u201d, indic\u00f3.<\/p>\n\n\n\n<p>Burlando, tambi\u00e9n, habl\u00f3 sobre\u00a0el rechazo de tres magistrados de hacerse cargo de la causa .\u201c<strong>Es llamativa la posici\u00f3n de los jueces.<\/strong>\u00a0Silvina se fue sin que la Justicia le diera una respuesta. Le vamos a dar la oportunidad de que se reivindique\u201d, cerr\u00f3.<\/p>\n","protected":false},"excerpt":{"rendered":"<p>El abogado dijo que denunci\u00f3 por homicidio a An\u00edbal Lotocki, el m\u00e9dico que oper\u00f3 a la modelo. El abogado Fernando Burlando representa a la familia de Silvina Luna. (Foto: NA\/Instagram-silvinalunoficial)&hellip; <\/p>\n","protected":false},"author":8,"featured_media":85310,"comment_status":"closed","ping_status":"open","sticky":false,"template":"","format":"standard","meta":{"footnotes":""},"categories":[19],"tags":[],"class_list":["post-85309","post","type-post","status-publish","format-standard","has-post-thumbnail","hentry","category-espectaculos"],"_links":{"self":[{"href":"https:\/\/corrientesdetarde.com\/index.php\/wp-json\/wp\/v2\/posts\/85309","targetHints":{"allow":["GET"]}}],"collection":[{"href":"https:\/\/corrientesdetarde.com\/index.php\/wp-json\/wp\/v2\/posts"}],"about":[{"href":"https:\/\/corrientesdetarde.com\/index.php\/wp-json\/wp\/v2\/types\/post"}],"author":[{"embeddable":true,"href":"https:\/\/corrientesdetarde.com\/index.php\/wp-json\/wp\/v2\/users\/8"}],"replies":[{"embeddable":true,"href":"https:\/\/corrientesdetarde.com\/index.php\/wp-json\/wp\/v2\/comments?post=85309"}],"version-history":[{"count":1,"href":"https:\/\/corrientesdetarde.com\/index.php\/wp-json\/wp\/v2\/posts\/85309\/revisions"}],"predecessor-version":[{"id":85311,"href":"https:\/\/corrientesdetarde.com\/index.php\/wp-json\/wp\/v2\/posts\/85309\/revisions\/85311"}],"wp:featuredmedia":[{"embeddable":true,"href":"https:\/\/corrientesdetarde.com\/index.php\/wp-json\/wp\/v2\/media\/85310"}],"wp:attachment":[{"href":"https:\/\/corrientesdetarde.com\/index.php\/wp-json\/wp\/v2\/media?parent=85309"}],"wp:term":[{"taxonomy":"category","embeddable":true,"href":"https:\/\/corrientesdetarde.com\/index.php\/wp-json\/wp\/v2\/categories?post=85309"},{"taxonomy":"post_tag","embeddable":true,"href":"https:\/\/corrientesdetarde.com\/index.php\/wp-json\/wp\/v2\/tags?post=85309"}],"curies":[{"name":"wp","href":"https:\/\/api.w.org\/{rel}","templated":true}]}}