{"id":85337,"date":"2023-09-04T16:25:32","date_gmt":"2023-09-04T19:25:32","guid":{"rendered":"https:\/\/corrientesdetarde.com\/?p=85337"},"modified":"2023-09-04T16:25:37","modified_gmt":"2023-09-04T19:25:37","slug":"virginia-gallardo-fue-acusada-de-ser-complice-de-anibal-lotocki","status":"publish","type":"post","link":"https:\/\/corrientesdetarde.com\/index.php\/espectaculos\/virginia-gallardo-fue-acusada-de-ser-complice-de-anibal-lotocki\/","title":{"rendered":"Virginia Gallardo fue acusada de ser c\u00f3mplice de An\u00edbal Lotocki"},"content":{"rendered":"\n<p>La panelista de Socios del Espect\u00e1culo explot\u00f3 en vivo por los fuertes insultos que recibi\u00f3 en las redes sociales tras la muerte de Silvina Luna, tambi\u00e9n expaciente del esteticista.<\/p>\n\n\n\n<p>La&nbsp;muerte de&nbsp;Silvina Luna&nbsp;coloc\u00f3 a&nbsp;Virginia Gallardo&nbsp;en el centro de la escena de forma absurda, y la&nbsp;tambi\u00e9n expaciente de&nbsp;An\u00edbal Lotocki&nbsp;sali\u00f3 enojada al cruce de quienes la atacan y acusan de c\u00f3mplice del esteticista.<\/p>\n\n\n\n<p>\u201c\u00bfSaben la cantidad de insultos que tuve el fin de semana  diciendo que soy tan c\u00f3mplice como todos porque no voy a la Justicia?\u201d, arranc\u00f3 la panelista de\u00a0Socios del Espect\u00e1culo.<\/p>\n\n\n\n<p>Y asegur\u00f3: \u201cTenemos un grupo de 100 personas de nuevas v\u00edctimas para juntar fuerzas\u201d.<\/p>\n\n\n\n<p><video width=\"640\" controls=\"\" preload=\"auto\" poster=\"https:\/\/www.radiosudamericana.com\/notix\/multimedia\/img_videos\/2023090482420826.jpg\"><\/video><\/p>\n\n\n\n<p>\u201c\u00a1Como si hiciera falta que tuvi\u00e9ramos que juntar, como si no fuera suficiente que hay cuatro personas muertas!\u201d, continu\u00f3.<\/p>\n\n\n\n<p>\u201c\u00bfSaben la cantidad de insultos que tuve el fin de semana el fin de semana diciendo que soy tan c\u00f3mplice como todos porque no voy a la Justicia?\u201d.<\/p>\n\n\n\n<p>En ese punto, Virgina blanque\u00f3: \u201cCuando fue la propia Justicia la que me dijo \u2018nena, perd\u00e9s el tiempo.\u00a0\u00bfC\u00f3mo vas a demostrar que ten\u00e9s dolores?\u2019. Cuando solo tendr\u00eda que bastar que tengo el producto en el cuerpo, d\u00f3nde me oper\u00e9, en las condiciones que me opere. Eso tendr\u00eda que ser suficiente\u201d.<\/p>\n\n\n\n<p>\u201c\u00a1Por eso me indigna!\u201d, sentenci\u00f3 Virgina Gallardo.<\/p>\n\n\n\n<p>Por otra parte, Virginia Gallardo cuestion\u00f3 con dureza a Anal\u00eda, una \u00edntima amiga de Silvina Luna que dio detalles del final de la actriz.<\/p>\n\n\n\n<p>\u201cNo fue una mala decisi\u00f3n querer hacerse una cirug\u00eda est\u00e9tica.&nbsp;Eso no es una mala decisi\u00f3n de vida que uno pueda tomar\u201d, enfatiz\u00f3.<\/p>\n\n\n\n<p>Entonces, aclar\u00f3: \u201cEl error fue caer en las manos de este tipo\u201d.<\/p>\n\n\n\n<p>\u201cA veces, en buenas manos, te cambia la vida para siempre para bien\u201d, reflexion\u00f3 Virginia Gallardo sobre el tratamiento similar al de Silvina Luna que se hab\u00eda hecho con An\u00edbal Lotocki.<\/p>\n","protected":false},"excerpt":{"rendered":"<p>La panelista de Socios del Espect\u00e1culo explot\u00f3 en vivo por los fuertes insultos que recibi\u00f3 en las redes sociales tras la muerte de Silvina Luna, tambi\u00e9n expaciente del esteticista. La&nbsp;muerte&hellip; <\/p>\n","protected":false},"author":8,"featured_media":85338,"comment_status":"closed","ping_status":"open","sticky":false,"template":"","format":"standard","meta":{"footnotes":""},"categories":[19],"tags":[],"class_list":["post-85337","post","type-post","status-publish","format-standard","has-post-thumbnail","hentry","category-espectaculos"],"_links":{"self":[{"href":"https:\/\/corrientesdetarde.com\/index.php\/wp-json\/wp\/v2\/posts\/85337","targetHints":{"allow":["GET"]}}],"collection":[{"href":"https:\/\/corrientesdetarde.com\/index.php\/wp-json\/wp\/v2\/posts"}],"about":[{"href":"https:\/\/corrientesdetarde.com\/index.php\/wp-json\/wp\/v2\/types\/post"}],"author":[{"embeddable":true,"href":"https:\/\/corrientesdetarde.com\/index.php\/wp-json\/wp\/v2\/users\/8"}],"replies":[{"embeddable":true,"href":"https:\/\/corrientesdetarde.com\/index.php\/wp-json\/wp\/v2\/comments?post=85337"}],"version-history":[{"count":1,"href":"https:\/\/corrientesdetarde.com\/index.php\/wp-json\/wp\/v2\/posts\/85337\/revisions"}],"predecessor-version":[{"id":85339,"href":"https:\/\/corrientesdetarde.com\/index.php\/wp-json\/wp\/v2\/posts\/85337\/revisions\/85339"}],"wp:featuredmedia":[{"embeddable":true,"href":"https:\/\/corrientesdetarde.com\/index.php\/wp-json\/wp\/v2\/media\/85338"}],"wp:attachment":[{"href":"https:\/\/corrientesdetarde.com\/index.php\/wp-json\/wp\/v2\/media?parent=85337"}],"wp:term":[{"taxonomy":"category","embeddable":true,"href":"https:\/\/corrientesdetarde.com\/index.php\/wp-json\/wp\/v2\/categories?post=85337"},{"taxonomy":"post_tag","embeddable":true,"href":"https:\/\/corrientesdetarde.com\/index.php\/wp-json\/wp\/v2\/tags?post=85337"}],"curies":[{"name":"wp","href":"https:\/\/api.w.org\/{rel}","templated":true}]}}