{"id":85340,"date":"2023-09-04T16:29:07","date_gmt":"2023-09-04T19:29:07","guid":{"rendered":"https:\/\/corrientesdetarde.com\/?p=85340"},"modified":"2023-09-04T16:29:19","modified_gmt":"2023-09-04T19:29:19","slug":"francisco-critico-a-los-paises-que-invierten-en-armas-en-vez-de-resolver-el-problema-del-hambre-en-el-mundo","status":"publish","type":"post","link":"https:\/\/corrientesdetarde.com\/index.php\/internacionales\/francisco-critico-a-los-paises-que-invierten-en-armas-en-vez-de-resolver-el-problema-del-hambre-en-el-mundo\/","title":{"rendered":"Francisco critic\u00f3 a los pa\u00edses que invierten en armas en vez de resolver el problema del hambre en el mundo"},"content":{"rendered":"\n<p>El sumo pont\u00edfice fue duro con las potencias globales que alientan la carrera armament\u00edstica. El mensaje a los l\u00edderes mundiales lo hizo durante su discurso de despedida en su visita a Mongolia.<\/p>\n\n\n\n<p>El papa Francisco critic\u00f3 este domingo a los pa\u00edses que \u201c<strong>invierten en la ilusoria potencia de los armamentos<\/strong>\u201d, al inaugurar en Ul\u00e1n Bator un centro de acogida a personas sin recursos en la \u00faltima actividad de su visita a Mongolia.<\/p>\n\n\n\n<p>\u201d<strong>El verdadero progreso de las naciones<\/strong>, en efecto, no se mide en base a la riqueza econ\u00f3mica ni mucho menos a los que invierten en la ilusoria potencia de los armamentos, sino a la\u00a0<strong>capacidad de hacerse cargo de la salud, la educaci\u00f3n y el crecimiento integral de la gente<\/strong>\u201d, plante\u00f3 el pont\u00edfice al inaugurar una casa de misioneros dedicada a hospedar personas sin recursos.<\/p>\n\n\n\n<p>A lo largo de su pontificado,&nbsp;<strong>Francisco ha criticado el gasto en armamento mundial que, seg\u00fan plante\u00f3, podr\u00eda usarse para cubrir las necesidades alimentarias de millones de personas<\/strong>.<\/p>\n\n\n\n<figure class=\"wp-block-image\"><img decoding=\"async\" src=\"https:\/\/tn.com.ar\/resizer\/GMsBeIPO35OVss24IqZurk8ECFg=\/767x0\/smart\/filters:format(webp)\/cloudfront-us-east-1.images.arcpublishing.com\/artear\/6Z6MLDKL33AW7XRSU7LGQRRMCI.jpg\" alt=\"El papa Francisco participa en la inauguraci\u00f3n de la Casa de la Misericordia, una cl\u00ednica y albergue para indigentes. En ese contexto dej\u00f3 su fuerte mensaje contra la guerra. (AP Foto\/Andrew Medichini)\"\/><\/figure>\n\n\n\n<p>Para el Papa, \u201ces adem\u00e1s un hecho que, tambi\u00e9n en las sociedades altamente tecnologizadas y con un elevado nivel de vida,\u00a0<strong>el sistema de previsi\u00f3n social por s\u00ed solo no es suficiente para suministrar todos los servicios a los ciudadanos<\/strong>, si no hay adicionalmente grupos de voluntarios y voluntarias que dediquen tiempo, capacidad y recursos por amor a los dem\u00e1s\u201d.<\/p>\n\n\n\n<p>Tras cuatro d\u00edas en Mongolia, Francisco llegar\u00e1 a Roma este lunes a las 17.20 locales, 12.20 de la Argentina, tras once horas de vuelo. En su \u00faltimo discurso en Mongolia, Francisco tambi\u00e9n asever\u00f3 que la Casa de la Misericordia que inaugur\u00f3 este domingo \u201ces una&nbsp;<strong>expresi\u00f3n concreta de ese hacerse cargo del otro<\/strong>&nbsp;en el que los cristianos se reconocen; porque donde hay acogida, hospitalidad y apertura a los dem\u00e1s se respira el buen olor de Cristo\u201d.<\/p>\n\n\n\n<p>\u201d<strong>El gastarse por el pr\u00f3jimo, por su salud, sus necesidades b\u00e1sicas, su formaci\u00f3n y su cultura<\/strong>, pertenece desde los inicios a esta vivaz porci\u00f3n del Pueblo de Dios\u201d, destac\u00f3 el pont\u00edfice, que lleg\u00f3 el viernes a Mongolia para una visita, la primera de un Papa en la historia, en la que tuvo encuentros sociales, pol\u00edticos y religiosos.<\/p>\n\n\n\n<p>\u201d<strong>Desde que los primeros misioneros llegaron a Ul\u00e1n Bator en los a\u00f1os noventa, sintieron inmediatamente la llamada a la caridad<\/strong>, que los llev\u00f3 a hacerse cargo de la infancia desamparada, de los hermanos y hermanas sin hogar, de los enfermos, de las personas con discapacidades, de los presos y de quienes, en su situaci\u00f3n de sufrimiento, ped\u00edan ser acogidos\u201d, record\u00f3 en ese marco en el encuentro con representantes de la comunidad cat\u00f3lica local, de apenas 1.500 fieles en todo el pa\u00eds.<\/p>\n","protected":false},"excerpt":{"rendered":"<p>El sumo pont\u00edfice fue duro con las potencias globales que alientan la carrera armament\u00edstica. El mensaje a los l\u00edderes mundiales lo hizo durante su discurso de despedida en su visita&hellip; <\/p>\n","protected":false},"author":8,"featured_media":85341,"comment_status":"closed","ping_status":"open","sticky":false,"template":"","format":"standard","meta":{"footnotes":""},"categories":[11],"tags":[],"class_list":["post-85340","post","type-post","status-publish","format-standard","has-post-thumbnail","hentry","category-internacionales"],"_links":{"self":[{"href":"https:\/\/corrientesdetarde.com\/index.php\/wp-json\/wp\/v2\/posts\/85340","targetHints":{"allow":["GET"]}}],"collection":[{"href":"https:\/\/corrientesdetarde.com\/index.php\/wp-json\/wp\/v2\/posts"}],"about":[{"href":"https:\/\/corrientesdetarde.com\/index.php\/wp-json\/wp\/v2\/types\/post"}],"author":[{"embeddable":true,"href":"https:\/\/corrientesdetarde.com\/index.php\/wp-json\/wp\/v2\/users\/8"}],"replies":[{"embeddable":true,"href":"https:\/\/corrientesdetarde.com\/index.php\/wp-json\/wp\/v2\/comments?post=85340"}],"version-history":[{"count":1,"href":"https:\/\/corrientesdetarde.com\/index.php\/wp-json\/wp\/v2\/posts\/85340\/revisions"}],"predecessor-version":[{"id":85342,"href":"https:\/\/corrientesdetarde.com\/index.php\/wp-json\/wp\/v2\/posts\/85340\/revisions\/85342"}],"wp:featuredmedia":[{"embeddable":true,"href":"https:\/\/corrientesdetarde.com\/index.php\/wp-json\/wp\/v2\/media\/85341"}],"wp:attachment":[{"href":"https:\/\/corrientesdetarde.com\/index.php\/wp-json\/wp\/v2\/media?parent=85340"}],"wp:term":[{"taxonomy":"category","embeddable":true,"href":"https:\/\/corrientesdetarde.com\/index.php\/wp-json\/wp\/v2\/categories?post=85340"},{"taxonomy":"post_tag","embeddable":true,"href":"https:\/\/corrientesdetarde.com\/index.php\/wp-json\/wp\/v2\/tags?post=85340"}],"curies":[{"name":"wp","href":"https:\/\/api.w.org\/{rel}","templated":true}]}}