{"id":85357,"date":"2023-09-04T16:52:33","date_gmt":"2023-09-04T19:52:33","guid":{"rendered":"https:\/\/corrientesdetarde.com\/?p=85357"},"modified":"2023-09-04T16:52:45","modified_gmt":"2023-09-04T19:52:45","slug":"el-dolar-blue-cerro-a-730-pesos-este-lunes","status":"publish","type":"post","link":"https:\/\/corrientesdetarde.com\/index.php\/economia\/el-dolar-blue-cerro-a-730-pesos-este-lunes\/","title":{"rendered":"el d\u00f3lar blue cerr\u00f3 a 730 pesos este lunes"},"content":{"rendered":"\n<p>El d\u00f3lar blue cotiza a $720,00 para la compra y $730,00 para la venta.\u00a0El d\u00f3lar oficial se ubica en $347,01 para la compra y $367,01 para la venta. \u00a0<\/p>\n\n\n\n<p><strong>El BCRA compr\u00f3 USD 8 millones en el mercado<\/strong><\/p>\n\n\n\n<p>El monto operado en el segmento de contado alcanz\u00f3 unos USD 197,3 millones, poco m\u00e1s de la mitad que lo negociado el viernes, una reducci\u00f3n de volumen que se vincul\u00f3 con menor actividad debido al feriado en los EEUU.<\/p>\n\n\n\n<p>Gustavo Quintana, agente de PR Corredores de Cambio, se\u00f1al\u00f3 que \u201cel BCRA comenz\u00f3 la semana con&nbsp;compras por unos USD 8 millones&nbsp;en el mercado\u201d, mientras que el \u201cferiado de hoy en los EEUU impact\u00f3 en el nivel de actividad local, que fue bajo en todos los segmentos\u201d.<\/p>\n\n\n\n<p><strong>El d\u00f3lar libre queda a 730 pesos<\/strong><\/p>\n\n\n\n<p>La cotizaci\u00f3n \u201cblue\u201d del d\u00f3lar recort\u00f3 la ganancia de cinco pesos que hab\u00eda exhibido en la mayor parte de la rueda informal y a poco del cierre se asienta en los $730 para la venta, el mismo valor con el que finaliz\u00f3 las operaciones de la semana pasada.<\/p>\n\n\n\n<p><strong>Nuevo r\u00e9cord para el impuesto PAIS<\/strong><\/p>\n\n\n\n<p>El 24 de julio de 2023 se public\u00f3 en el Bolet\u00edn Oficial el Decreto 377\/2023, que ampli\u00f3 el alcance del Impuesto Para una Argentina Inclusiva y Solidaria (PAIS). Como novedad, se grav\u00f3 la compra de moneda extranjera para pagar importaciones de bienes y servicios, con ciertas excepciones. Las nuevas al\u00edcuotas van del 7,5 al 25 por ciento.<\/p>\n\n\n\n<p>Hay que recordar que desde el 26 de diciembre de 2019 se aplica una carga del 30% en concepto del impuesto PAIS a la compra de d\u00f3lar minorista con el cupo mensual de 200 d\u00f3lares. Esto incluye tambi\u00e9n a la adquisici\u00f3n de bienes y servicios en el exterior.<\/p>\n\n\n\n<figure class=\"wp-block-image\"><a href=\"https:\/\/www.radiosudamericana.com\/notix\/multimedia\/imagenes\/fotos\/2023-09-04\/774973.jpg\"><img decoding=\"async\" src=\"https:\/\/www.radiosudamericana.com\/notix\/multimedia\/imagenes\/fotos\/2023-09-04\/774973.jpg_nota.jpg\" alt=\"\"\/><\/a><\/figure>\n\n\n\n<p>\u201cEl impuesto PAIS como porcentaje de la recaudaci\u00f3n total lleg\u00f3 a su nuevo m\u00e1ximo hist\u00f3rico. El Gobierno ata cada vez m\u00e1s la recaudaci\u00f3n a un impuesto \u2018extraordinario y transitorio\u2019 que deber\u00eda desaparecer con la eliminaci\u00f3n del cepo. Esto complica a\u00fan m\u00e1s las finanzas p\u00fablicas\u201d, explic\u00f3&nbsp;Bruno Panighel, Head of Research en Parakeet Capital.<\/p>\n","protected":false},"excerpt":{"rendered":"<p>El d\u00f3lar blue cotiza a $720,00 para la compra y $730,00 para la venta.\u00a0El d\u00f3lar oficial se ubica en $347,01 para la compra y $367,01 para la venta. \u00a0 El&hellip; <\/p>\n","protected":false},"author":8,"featured_media":85359,"comment_status":"closed","ping_status":"open","sticky":false,"template":"","format":"standard","meta":{"footnotes":""},"categories":[20],"tags":[],"class_list":["post-85357","post","type-post","status-publish","format-standard","has-post-thumbnail","hentry","category-economia"],"_links":{"self":[{"href":"https:\/\/corrientesdetarde.com\/index.php\/wp-json\/wp\/v2\/posts\/85357","targetHints":{"allow":["GET"]}}],"collection":[{"href":"https:\/\/corrientesdetarde.com\/index.php\/wp-json\/wp\/v2\/posts"}],"about":[{"href":"https:\/\/corrientesdetarde.com\/index.php\/wp-json\/wp\/v2\/types\/post"}],"author":[{"embeddable":true,"href":"https:\/\/corrientesdetarde.com\/index.php\/wp-json\/wp\/v2\/users\/8"}],"replies":[{"embeddable":true,"href":"https:\/\/corrientesdetarde.com\/index.php\/wp-json\/wp\/v2\/comments?post=85357"}],"version-history":[{"count":1,"href":"https:\/\/corrientesdetarde.com\/index.php\/wp-json\/wp\/v2\/posts\/85357\/revisions"}],"predecessor-version":[{"id":85360,"href":"https:\/\/corrientesdetarde.com\/index.php\/wp-json\/wp\/v2\/posts\/85357\/revisions\/85360"}],"wp:featuredmedia":[{"embeddable":true,"href":"https:\/\/corrientesdetarde.com\/index.php\/wp-json\/wp\/v2\/media\/85359"}],"wp:attachment":[{"href":"https:\/\/corrientesdetarde.com\/index.php\/wp-json\/wp\/v2\/media?parent=85357"}],"wp:term":[{"taxonomy":"category","embeddable":true,"href":"https:\/\/corrientesdetarde.com\/index.php\/wp-json\/wp\/v2\/categories?post=85357"},{"taxonomy":"post_tag","embeddable":true,"href":"https:\/\/corrientesdetarde.com\/index.php\/wp-json\/wp\/v2\/tags?post=85357"}],"curies":[{"name":"wp","href":"https:\/\/api.w.org\/{rel}","templated":true}]}}