{"id":85363,"date":"2023-09-04T16:57:47","date_gmt":"2023-09-04T19:57:47","guid":{"rendered":"https:\/\/corrientesdetarde.com\/?p=85363"},"modified":"2023-09-04T16:57:59","modified_gmt":"2023-09-04T19:57:59","slug":"una-ministra-francesa-le-respondio-a-neymar-por-decir-que-vivio-un-infierno-con-messi-en-el-psg-frustrados","status":"publish","type":"post","link":"https:\/\/corrientesdetarde.com\/index.php\/deportes\/una-ministra-francesa-le-respondio-a-neymar-por-decir-que-vivio-un-infierno-con-messi-en-el-psg-frustrados\/","title":{"rendered":"Una ministra francesa le respondi\u00f3 a Neymar por decir que vivi\u00f3 un infierno con Messi en el PSG: \u201cFrustrados\u201d"},"content":{"rendered":"\n<p>Am\u00e9lie Oud\u00e9a-Cast\u00e9ra analiz\u00f3 las declaraciones del brasile\u00f1o. Consider\u00f3 que los futbolistas se sintieron \u201cinfelices\u201d en su paso por el elenco parisino.<\/p>\n\n\n\n<p>Las salidas de Lionel Messi\u00a0y\u00a0Neymar del\u00a0<strong>PSG<\/strong>\u00a0a\u00fan generan repercusiones. Luego de que el brasile\u00f1o  declarara que junto a su amigo argentino hab\u00eda vivido &#8220;un infierno&#8221; en el conjunto parisino, la respuesta desde las autoridades francesas no se hizo esperar. La ministra de Deportes\u00a0<strong>Am\u00e9lie Oud\u00e9a-Cast\u00e9ra<\/strong>\u00a0fue clara en su an\u00e1lisis de estas afirmaciones.<\/p>\n\n\n\n<p>La funcionaria recalc\u00f3 que tanto Neymar como Messi son \u201cdos campeones excepcionales\u201d. Sin embargo, estim\u00f3 que&nbsp;<strong>deben sentirse \u201cinfelices\u201d<\/strong>&nbsp;por su paso por el PSG.<\/p>\n\n\n\n<p>\u201c<strong>Est\u00e1n frustrados&nbsp;<\/strong>por no haber brillado m\u00e1s en Par\u00eds, en particular en la Champions League\u201d dijo Oud\u00e9a-Cast\u00e9ra en declaraciones a la emisora francesa Sud Radio.<\/p>\n\n\n\n<figure class=\"wp-block-image\"><img decoding=\"async\" src=\"https:\/\/tn.com.ar\/resizer\/BgQ7VG7ir7z1werHFN9FW6nBK9Y=\/767x0\/smart\/filters:format(webp)\/cloudfront-us-east-1.images.arcpublishing.com\/artear\/W32D54FHAFA3PB3YI5FDJBOQG4.jpg\" alt=\"La ministra de Deportes de Francia, Am\u00e9lie Oud\u00e9a-Cast\u00e9ra (Foto: AP)\"\/><\/figure>\n\n\n\n<p>Y, cuando le preguntaron por las razones que llevaron a Neymar a hacer esas duras declaraciones, consider\u00f3 que se deben a \u201cla frustraci\u00f3n de un campe\u00f3n\u201d.<\/p>\n\n\n\n<h2 class=\"wp-block-heading\">\u00bfQu\u00e9 dijo Neymar sobre su estad\u00eda en Par\u00eds junto a Messi?<\/h2>\n\n\n\n<p>En una entrevista con&nbsp;<em>Globo Esporte<\/em>, a Neymar le preguntaron c\u00f3mo se sinti\u00f3 haber visto a Messi campe\u00f3n del mundo. El atacante no dud\u00f3: \u201cMe sent\u00ed muy feliz por el a\u00f1o que tuvo, pero a la vez muy triste porque vivi\u00f3 las dos caras de la moneda: se fue al cielo con la Selecci\u00f3n argentina, lo gan\u00f3 todo en los \u00faltimos a\u00f1os, y con Par\u00eds vivi\u00f3 el infierno.&nbsp;<strong>Vivimos en el infierno, tanto \u00e9l como yo<\/strong>\u201d.<\/p>\n\n\n\n<p>\u201cNos molestamos, porque no estamos ah\u00ed por nada: estamos ah\u00ed para dar lo mejor, para ser campeones, para intentar hacer historia, por eso volvimos a jugar juntos.&nbsp;<strong>Nos juntamos ah\u00ed para poder hacer historia, desafortunadamente no lo logramos<\/strong>\u201d, continu\u00f3.<\/p>\n","protected":false},"excerpt":{"rendered":"<p>Am\u00e9lie Oud\u00e9a-Cast\u00e9ra analiz\u00f3 las declaraciones del brasile\u00f1o. Consider\u00f3 que los futbolistas se sintieron \u201cinfelices\u201d en su paso por el elenco parisino. Las salidas de Lionel Messi\u00a0y\u00a0Neymar del\u00a0PSG\u00a0a\u00fan generan repercusiones. Luego&hellip; <\/p>\n","protected":false},"author":8,"featured_media":85364,"comment_status":"closed","ping_status":"open","sticky":false,"template":"","format":"standard","meta":{"footnotes":""},"categories":[4],"tags":[],"class_list":["post-85363","post","type-post","status-publish","format-standard","has-post-thumbnail","hentry","category-deportes"],"_links":{"self":[{"href":"https:\/\/corrientesdetarde.com\/index.php\/wp-json\/wp\/v2\/posts\/85363","targetHints":{"allow":["GET"]}}],"collection":[{"href":"https:\/\/corrientesdetarde.com\/index.php\/wp-json\/wp\/v2\/posts"}],"about":[{"href":"https:\/\/corrientesdetarde.com\/index.php\/wp-json\/wp\/v2\/types\/post"}],"author":[{"embeddable":true,"href":"https:\/\/corrientesdetarde.com\/index.php\/wp-json\/wp\/v2\/users\/8"}],"replies":[{"embeddable":true,"href":"https:\/\/corrientesdetarde.com\/index.php\/wp-json\/wp\/v2\/comments?post=85363"}],"version-history":[{"count":1,"href":"https:\/\/corrientesdetarde.com\/index.php\/wp-json\/wp\/v2\/posts\/85363\/revisions"}],"predecessor-version":[{"id":85365,"href":"https:\/\/corrientesdetarde.com\/index.php\/wp-json\/wp\/v2\/posts\/85363\/revisions\/85365"}],"wp:featuredmedia":[{"embeddable":true,"href":"https:\/\/corrientesdetarde.com\/index.php\/wp-json\/wp\/v2\/media\/85364"}],"wp:attachment":[{"href":"https:\/\/corrientesdetarde.com\/index.php\/wp-json\/wp\/v2\/media?parent=85363"}],"wp:term":[{"taxonomy":"category","embeddable":true,"href":"https:\/\/corrientesdetarde.com\/index.php\/wp-json\/wp\/v2\/categories?post=85363"},{"taxonomy":"post_tag","embeddable":true,"href":"https:\/\/corrientesdetarde.com\/index.php\/wp-json\/wp\/v2\/tags?post=85363"}],"curies":[{"name":"wp","href":"https:\/\/api.w.org\/{rel}","templated":true}]}}