{"id":85369,"date":"2023-09-04T17:21:24","date_gmt":"2023-09-04T20:21:24","guid":{"rendered":"https:\/\/corrientesdetarde.com\/?p=85369"},"modified":"2023-09-04T17:21:36","modified_gmt":"2023-09-04T20:21:36","slug":"cavalieri-celebro-triunfo-de-gremialista-mercantil-cortes-en-bariloche-y-elogio-su-labor","status":"publish","type":"post","link":"https:\/\/corrientesdetarde.com\/index.php\/politica\/cavalieri-celebro-triunfo-de-gremialista-mercantil-cortes-en-bariloche-y-elogio-su-labor\/","title":{"rendered":"Cavalieri celebr\u00f3 triunfo de gremialista mercantil Cort\u00e9s en Bariloche y elogi\u00f3 su labor"},"content":{"rendered":"\n<p>El titular de la Federaci\u00f3n Argentina de Empleados de Comercio y Servicios (Faecys), Armando Cavalieri, celebr\u00f3 hoy el triunfo del sindicalista mercantil Walter Cort\u00e9s en las elecciones para intendente de Bariloche y sostuvo que la victoria demostr\u00f3 &#8220;su incansable labor a favor de la comunidad y su compromiso con la defensa de los derechos de los trabajadores&#8221;.<\/p>\n\n\n\n<p>Cort\u00e9s, titular del Sindicato de Empleados de Comercio (AEC) de esa ciudad rionegrina y protesorero de la Federaci\u00f3n Nacional Mercantil Mutualista de la Faecys, super\u00f3 en los comicios a la gobernadora Arabela Carreras.<\/p>\n\n\n\n<p>Cavalieri expres\u00f3 que &#8220;el triunfo de Cort\u00e9s fue un claro ejemplo para todos, en un momento en el que la desigualdad y la injusticia social son desaf\u00edos que enfrenta la sociedad&#8221;, y dijo que el nuevo intendente representa &#8220;un faro de esperanza, porque su victoria es un testimonio de que la comunidad reconoce y aprecia a quienes quieren trabajar y pretenden un futuro m\u00e1s justo para el conjunto&#8221;.<\/p>\n\n\n\n<p>&#8220;Es el triunfo de un modelo sindical que gana terreno en la conciencia de la sociedad. La lucha siempre estuvo guiada por la defensa de la justicia social, por lo que emociona observar que la gente sigue este camino&#8221;, puntualiz\u00f3.<\/p>\n\n\n\n<p>Tambi\u00e9n asegur\u00f3 en un comunicado que &#8220;el compromiso de Cort\u00e9s con la mejora de las condiciones de vida de los trabajadores fue fundamental para fortalecer la unidad de los empleados de comercio y servicios en Bariloche. Como intendente har\u00e1 un gran trabajo&#8221;.<\/p>\n","protected":false},"excerpt":{"rendered":"<p>El titular de la Federaci\u00f3n Argentina de Empleados de Comercio y Servicios (Faecys), Armando Cavalieri, celebr\u00f3 hoy el triunfo del sindicalista mercantil Walter Cort\u00e9s en las elecciones para intendente de&hellip; <\/p>\n","protected":false},"author":11,"featured_media":85370,"comment_status":"closed","ping_status":"open","sticky":false,"template":"","format":"standard","meta":{"footnotes":""},"categories":[3],"tags":[1044,1042,590,1043,1045],"class_list":["post-85369","post","type-post","status-publish","format-standard","has-post-thumbnail","hentry","category-politica","tag-bariloche","tag-cavalieri","tag-comercio","tag-cortes","tag-intendente"],"_links":{"self":[{"href":"https:\/\/corrientesdetarde.com\/index.php\/wp-json\/wp\/v2\/posts\/85369","targetHints":{"allow":["GET"]}}],"collection":[{"href":"https:\/\/corrientesdetarde.com\/index.php\/wp-json\/wp\/v2\/posts"}],"about":[{"href":"https:\/\/corrientesdetarde.com\/index.php\/wp-json\/wp\/v2\/types\/post"}],"author":[{"embeddable":true,"href":"https:\/\/corrientesdetarde.com\/index.php\/wp-json\/wp\/v2\/users\/11"}],"replies":[{"embeddable":true,"href":"https:\/\/corrientesdetarde.com\/index.php\/wp-json\/wp\/v2\/comments?post=85369"}],"version-history":[{"count":1,"href":"https:\/\/corrientesdetarde.com\/index.php\/wp-json\/wp\/v2\/posts\/85369\/revisions"}],"predecessor-version":[{"id":85371,"href":"https:\/\/corrientesdetarde.com\/index.php\/wp-json\/wp\/v2\/posts\/85369\/revisions\/85371"}],"wp:featuredmedia":[{"embeddable":true,"href":"https:\/\/corrientesdetarde.com\/index.php\/wp-json\/wp\/v2\/media\/85370"}],"wp:attachment":[{"href":"https:\/\/corrientesdetarde.com\/index.php\/wp-json\/wp\/v2\/media?parent=85369"}],"wp:term":[{"taxonomy":"category","embeddable":true,"href":"https:\/\/corrientesdetarde.com\/index.php\/wp-json\/wp\/v2\/categories?post=85369"},{"taxonomy":"post_tag","embeddable":true,"href":"https:\/\/corrientesdetarde.com\/index.php\/wp-json\/wp\/v2\/tags?post=85369"}],"curies":[{"name":"wp","href":"https:\/\/api.w.org\/{rel}","templated":true}]}}