{"id":85532,"date":"2023-09-05T08:36:22","date_gmt":"2023-09-05T11:36:22","guid":{"rendered":"https:\/\/corrientesdetarde.com\/?p=85532"},"modified":"2023-09-05T08:36:23","modified_gmt":"2023-09-05T11:36:23","slug":"familias-de-todo-el-pais-se-postularon-para-adoptar-a-gabriel","status":"publish","type":"post","link":"https:\/\/corrientesdetarde.com\/index.php\/sociales\/familias-de-todo-el-pais-se-postularon-para-adoptar-a-gabriel\/","title":{"rendered":"Familias de todo el pa\u00eds se postularon para adoptar a Gabriel"},"content":{"rendered":"\n<p>Gabriel es un chico de 14 a\u00f1os de Paso de los Libres que tiene un sue\u00f1o: integrar una familia y ser feliz con ella. &#8220;Quiero sentir la experiencia que tienen otros chicos de mi edad&#8221;, comentaba lleno de esperanza d\u00edas atr\u00e1s.<\/p>\n\n\n\n<p>Su deseo se cumpli\u00f3, ya que masivamente familias de todo el pa\u00eds completaron el formulario requerido para incluirlo en su n\u00facleo familiar.<\/p>\n\n\n\n<p>&#8220;Recibimos m\u00e1s de 150 correos por d\u00eda preguntando por Gabriel&#8221;, afirmaron desde el Registro \u00danico de Aspirante a Guarda con Fines Adoptivos (RUA).<\/p>\n\n\n\n<figure class=\"wp-block-image\"><img decoding=\"async\" src=\"https:\/\/www.diarioepoca.com\/content\/bucket\/8\/1317928w762h429c.jpg.webp\" alt=\"\"\/><\/figure>\n\n\n\n<h2 class=\"wp-block-heading\">Evaluaci\u00f3n inicial<\/h2>\n\n\n\n<p>En este marco, ante el \u00e9xito de la convocatoria, la jueza de Familia, Ni\u00f1ez y Adolescencia de Paso de los Libres, doctora Marta Legarreta decidi\u00f3 cerrarla el pr\u00f3ximo viernes ya que hay familias suficientes que est\u00e1n en proceso de evaluaci\u00f3n.<\/p>\n\n\n\n<p>&#8220;La evaluaci\u00f3n inicial consiste en un informe del Cuerpo de Psicolog\u00eda Forense y otro del Cuerpo de Asistentes Sociales Forenses del Poder Judicial para saber si determinada familia o persona es apta para iniciar el proceso de adopci\u00f3n de Gabriel&#8221;, explic\u00f3 la secretaria del RUA, doctora Mar\u00eda In\u00e9s Sumberg.<\/p>\n\n\n\n<p>Una vez que se concluya con los procesos de evaluaci\u00f3n se realizar\u00e1n entrevistas y la familia seleccionada comenzar\u00e1 a vincularse con Gabriel, luego tendr\u00e1n su guarda preadoptiva por tres meses para concluir el proceso con la adopci\u00f3n plena, que le permitir\u00e1 al joven cumplir su sue\u00f1o de tener una familia y ser feliz.<\/p>\n","protected":false},"excerpt":{"rendered":"<p>Gabriel es un chico de 14 a\u00f1os de Paso de los Libres que tiene un sue\u00f1o: integrar una familia y ser feliz con ella. &#8220;Quiero sentir la experiencia que tienen&hellip; <\/p>\n","protected":false},"author":1,"featured_media":85540,"comment_status":"closed","ping_status":"open","sticky":false,"template":"","format":"standard","meta":{"footnotes":""},"categories":[23,17],"tags":[],"class_list":["post-85532","post","type-post","status-publish","format-standard","has-post-thumbnail","hentry","category-actualidad","category-sociales"],"_links":{"self":[{"href":"https:\/\/corrientesdetarde.com\/index.php\/wp-json\/wp\/v2\/posts\/85532","targetHints":{"allow":["GET"]}}],"collection":[{"href":"https:\/\/corrientesdetarde.com\/index.php\/wp-json\/wp\/v2\/posts"}],"about":[{"href":"https:\/\/corrientesdetarde.com\/index.php\/wp-json\/wp\/v2\/types\/post"}],"author":[{"embeddable":true,"href":"https:\/\/corrientesdetarde.com\/index.php\/wp-json\/wp\/v2\/users\/1"}],"replies":[{"embeddable":true,"href":"https:\/\/corrientesdetarde.com\/index.php\/wp-json\/wp\/v2\/comments?post=85532"}],"version-history":[{"count":1,"href":"https:\/\/corrientesdetarde.com\/index.php\/wp-json\/wp\/v2\/posts\/85532\/revisions"}],"predecessor-version":[{"id":85541,"href":"https:\/\/corrientesdetarde.com\/index.php\/wp-json\/wp\/v2\/posts\/85532\/revisions\/85541"}],"wp:featuredmedia":[{"embeddable":true,"href":"https:\/\/corrientesdetarde.com\/index.php\/wp-json\/wp\/v2\/media\/85540"}],"wp:attachment":[{"href":"https:\/\/corrientesdetarde.com\/index.php\/wp-json\/wp\/v2\/media?parent=85532"}],"wp:term":[{"taxonomy":"category","embeddable":true,"href":"https:\/\/corrientesdetarde.com\/index.php\/wp-json\/wp\/v2\/categories?post=85532"},{"taxonomy":"post_tag","embeddable":true,"href":"https:\/\/corrientesdetarde.com\/index.php\/wp-json\/wp\/v2\/tags?post=85532"}],"curies":[{"name":"wp","href":"https:\/\/api.w.org\/{rel}","templated":true}]}}