{"id":85645,"date":"2023-09-05T16:08:19","date_gmt":"2023-09-05T19:08:19","guid":{"rendered":"https:\/\/corrientesdetarde.com\/?p=85645"},"modified":"2023-09-05T16:08:31","modified_gmt":"2023-09-05T19:08:31","slug":"avanza-la-construccion-del-complejo-gauchito-gil-que-encara-la-provincia-en-mercedes","status":"publish","type":"post","link":"https:\/\/corrientesdetarde.com\/index.php\/informacion-general\/avanza-la-construccion-del-complejo-gauchito-gil-que-encara-la-provincia-en-mercedes\/","title":{"rendered":"Avanza la construcci\u00f3n del complejo \u201cGauchito Gil\u201d que encara la Provincia en Mercedes"},"content":{"rendered":"\n<p>El Gobierno Provincial a buen ritmo est\u00e1 ejecutando en forma simult\u00e1nea sendos frentes de obras&nbsp; que comienzan a dar cuerpo&nbsp;al complejo cultural, recreativo&nbsp; y comercial \u201cGauchito Gil\u201d, ubicado sobre Ruta Nacional 123, pr\u00f3ximo a la ciudad de Mercedes, que est\u00e1 &nbsp;especialmente dise\u00f1ado para veneraci\u00f3n de esa figura religiosa.<\/p>\n\n\n\n<p>Los trabajos son encarados por el Ministerio de Obras y Servicios P\u00fablicos, a trav\u00e9s de la supervisi\u00f3n t\u00e9cnica&nbsp;&nbsp;de su Coordinaci\u00f3n de Proyectos, quien, por otra parte, &nbsp;&nbsp;fue la encargada del dise\u00f1o de este emprendimiento con el consenso de los diferentes sectores involucrados en su contralor.<\/p>\n\n\n\n<p>El proyecto en marcha cuenta actualmente con dos etapas en desarrollo, una es la construcci\u00f3n del Portal de Acceso, dos m\u00f3dulos institucionales y sanitarios provistos de perforaci\u00f3n y tanque de agua para su abastecimiento.<\/p>\n\n\n\n<p>En esta etapa convergen cuatro obras diferentes, la construcci\u00f3n de los m\u00f3dulos, el portal de acceso y los trabajos de&nbsp; electrificaci\u00f3n del Predio.<\/p>\n\n\n\n<p>Estos trabajos cuentan ya con el 60% de avance, dado que ya se termin\u00f3 con la colocaci\u00f3n de los revestimientos de piedra laja de Mercedes y la pintura de los muros del Portal de Acceso. Adem\u00e1s con los edificios construidos y techados, se avanz\u00f3 con los revestimientos de placas de Superboard tipo Siding en&nbsp; los m\u00f3dulos institucionales y sanitarios, los cuales recibieron pintura interior e instalaci\u00f3n de carpinter\u00edas.<\/p>\n\n\n\n<p>Asimismo, dentro de estos trabajos se lleva adelante la realizaci\u00f3n de &nbsp;una perforaci\u00f3n de longitud profunda, a fin de garantizar el suministro de agua constante y segura, construy\u00e9ndose para ello un tanque cisterna&nbsp; para su dep\u00f3sito.<\/p>\n\n\n\n<p>En tanto, la otra etapa de trabajos corresponde a la construcci\u00f3n de los M\u00f3dulos Feriantes y un Sendero Peatonal de interconexi\u00f3n desde el Portal de Acceso a los m\u00f3dulos sanitarios y administrativos y los m\u00f3dulos feriantes.<\/p>\n\n\n\n<p>La ejecuci\u00f3n del Sendero Peatonal de interconexi\u00f3n de los edificios de sanitarios y m\u00f3dulos feriantes tiene un avance de obra cercano al 25%, contado el mismo con distintos tipos de pisos que van definiendo las zonas de descanso e interconexi\u00f3n en funci\u00f3n del proyecto Integral del Complejo.<\/p>\n\n\n\n<p>Tambi\u00e9n se avanz\u00f3 con las plateas de fundaci\u00f3n y contrapisos de los m\u00f3dulos feriantes que se construyen interconectados a este sendero peatonal.<\/p>\n\n\n\n<p>\u201cEl prop\u00f3sito de estas obras son principalmente generar \u00e1reas ordenadas en el predio y su entorno y&nbsp;&nbsp;facilitar al visitante espacios c\u00f3modos para una apropiada&nbsp;&nbsp;veneraci\u00f3n al Gaucho Gil\u201d, asegur\u00f3 el ministro del \u00e1rea, Claudio Polich al momento de presentar esta propuesta ya en ejecuci\u00f3n.<\/p>\n\n\n\n<p>Proyecto integral<\/p>\n\n\n\n<p>Prev\u00e9 la creaci\u00f3n de un centro cultural y comercial en el predio de 25 hect\u00e1reas que&nbsp;&nbsp;le fuera donado a la Asociaci\u00f3n Civil Gauchito Gil, ubicado a la vera de la ruta nacional 123, kil\u00f3metro 101, donde se ubica hoy&nbsp; el monumento del Gaucho Gil.<\/p>\n\n\n\n<p>Este trabajo de planificaci\u00f3n y desarrollo urbano, prev\u00e9 una zonificaci\u00f3n integral del predio, generando un Plan Maestro que permita la inclusi\u00f3n de todas las actividades y servicios necesarios para valorizar y fortalecer el culto y veneraci\u00f3n al Gaucho Gil.<\/p>\n\n\n\n<p>En este sentido se proyecta un acceso seguro al predio sin obstaculizar la circulaci\u00f3n de la ruta nacional 123, con lo cual se desarrollar\u00e1&nbsp;&nbsp;un eje Comercial perpendicular al camino nacional, con una avenida&nbsp;&nbsp;parquizada y otro eje, de \u00edndole cultural, tambi\u00e9n perpendicular a la RNN\u00b0123, con una avenida de 25 metros parquizada, y un eje Cultural perpendicular al eje central de esa avenida, de recorrido y veneraci\u00f3n al Gaucho Gil.<\/p>\n\n\n\n<p>La urbanizaci\u00f3n del sector se completar\u00eda con amanzanamientos de 1Ha divididos por calles de 15 metros de ancho.<\/p>\n\n\n\n<p>El proyecto inicial y en plena etapa de desarrollo, prev\u00e9 sectores y espacio de actividades tales como: Zona de veneraci\u00f3n del Monumento del Gaucho Gil y un sector de Santuario y otro de Ofrendas.<\/p>\n\n\n\n<p>Tambi\u00e9n se prev\u00e9 museos y centros de interpretaci\u00f3n, as\u00ed como \u00e1reas Comerciales, Gastron\u00f3micas y estacionamientos para Autos y Colectivos, as\u00ed como la construcci\u00f3n de un aforo central (plaza principal), plazas recreativas y espacios gastron\u00f3micos complementarios y una sala de Atenci\u00f3n Primaria de Salud.<\/p>\n\n\n\n<figure class=\"wp-block-image size-full\"><img loading=\"lazy\" decoding=\"async\" width=\"837\" height=\"768\" src=\"https:\/\/corrientesdetarde.com\/wp-content\/uploads\/2023\/09\/image-86.png\" alt=\"\" class=\"wp-image-85646\" srcset=\"https:\/\/corrientesdetarde.com\/wp-content\/uploads\/2023\/09\/image-86.png 837w, https:\/\/corrientesdetarde.com\/wp-content\/uploads\/2023\/09\/image-86-300x275.png 300w, https:\/\/corrientesdetarde.com\/wp-content\/uploads\/2023\/09\/image-86-768x705.png 768w\" sizes=\"auto, (max-width: 837px) 100vw, 837px\" \/><\/figure>\n\n\n\n<figure class=\"wp-block-image size-full\"><img loading=\"lazy\" decoding=\"async\" width=\"1024\" height=\"514\" src=\"https:\/\/corrientesdetarde.com\/wp-content\/uploads\/2023\/09\/image-87.png\" alt=\"\" class=\"wp-image-85647\" srcset=\"https:\/\/corrientesdetarde.com\/wp-content\/uploads\/2023\/09\/image-87.png 1024w, https:\/\/corrientesdetarde.com\/wp-content\/uploads\/2023\/09\/image-87-300x151.png 300w, https:\/\/corrientesdetarde.com\/wp-content\/uploads\/2023\/09\/image-87-768x386.png 768w\" sizes=\"auto, (max-width: 1024px) 100vw, 1024px\" \/><\/figure>\n\n\n\n<figure class=\"wp-block-image size-full\"><img loading=\"lazy\" decoding=\"async\" width=\"1024\" height=\"532\" src=\"https:\/\/corrientesdetarde.com\/wp-content\/uploads\/2023\/09\/image-88.png\" alt=\"\" class=\"wp-image-85649\" srcset=\"https:\/\/corrientesdetarde.com\/wp-content\/uploads\/2023\/09\/image-88.png 1024w, https:\/\/corrientesdetarde.com\/wp-content\/uploads\/2023\/09\/image-88-300x156.png 300w, https:\/\/corrientesdetarde.com\/wp-content\/uploads\/2023\/09\/image-88-768x399.png 768w\" sizes=\"auto, (max-width: 1024px) 100vw, 1024px\" \/><\/figure>\n","protected":false},"excerpt":{"rendered":"<p>El Gobierno Provincial a buen ritmo est\u00e1 ejecutando en forma simult\u00e1nea sendos frentes de obras&nbsp; que comienzan a dar cuerpo&nbsp;al complejo cultural, recreativo&nbsp; y comercial \u201cGauchito Gil\u201d, ubicado sobre Ruta&hellip; <\/p>\n","protected":false},"author":8,"featured_media":85648,"comment_status":"closed","ping_status":"open","sticky":false,"template":"","format":"standard","meta":{"footnotes":""},"categories":[1],"tags":[],"class_list":["post-85645","post","type-post","status-publish","format-standard","has-post-thumbnail","hentry","category-informacion-general"],"_links":{"self":[{"href":"https:\/\/corrientesdetarde.com\/index.php\/wp-json\/wp\/v2\/posts\/85645","targetHints":{"allow":["GET"]}}],"collection":[{"href":"https:\/\/corrientesdetarde.com\/index.php\/wp-json\/wp\/v2\/posts"}],"about":[{"href":"https:\/\/corrientesdetarde.com\/index.php\/wp-json\/wp\/v2\/types\/post"}],"author":[{"embeddable":true,"href":"https:\/\/corrientesdetarde.com\/index.php\/wp-json\/wp\/v2\/users\/8"}],"replies":[{"embeddable":true,"href":"https:\/\/corrientesdetarde.com\/index.php\/wp-json\/wp\/v2\/comments?post=85645"}],"version-history":[{"count":1,"href":"https:\/\/corrientesdetarde.com\/index.php\/wp-json\/wp\/v2\/posts\/85645\/revisions"}],"predecessor-version":[{"id":85650,"href":"https:\/\/corrientesdetarde.com\/index.php\/wp-json\/wp\/v2\/posts\/85645\/revisions\/85650"}],"wp:featuredmedia":[{"embeddable":true,"href":"https:\/\/corrientesdetarde.com\/index.php\/wp-json\/wp\/v2\/media\/85648"}],"wp:attachment":[{"href":"https:\/\/corrientesdetarde.com\/index.php\/wp-json\/wp\/v2\/media?parent=85645"}],"wp:term":[{"taxonomy":"category","embeddable":true,"href":"https:\/\/corrientesdetarde.com\/index.php\/wp-json\/wp\/v2\/categories?post=85645"},{"taxonomy":"post_tag","embeddable":true,"href":"https:\/\/corrientesdetarde.com\/index.php\/wp-json\/wp\/v2\/tags?post=85645"}],"curies":[{"name":"wp","href":"https:\/\/api.w.org\/{rel}","templated":true}]}}