{"id":85654,"date":"2023-09-05T16:20:04","date_gmt":"2023-09-05T19:20:04","guid":{"rendered":"https:\/\/corrientesdetarde.com\/?p=85654"},"modified":"2023-09-05T16:20:15","modified_gmt":"2023-09-05T19:20:15","slug":"reves-para-cfk-la-jueza-figueroa-pedira-una-licencia-extraordinaria-ante-la-presion-de-la-camara-de-casacion","status":"publish","type":"post","link":"https:\/\/corrientesdetarde.com\/index.php\/politica\/reves-para-cfk-la-jueza-figueroa-pedira-una-licencia-extraordinaria-ante-la-presion-de-la-camara-de-casacion\/","title":{"rendered":"Rev\u00e9s para CFK: la jueza Figueroa pedir\u00e1 una licencia extraordinaria ante la presi\u00f3n de la C\u00e1mara de Casaci\u00f3n"},"content":{"rendered":"\n<p>\u201cMe avasallan como mujer\u201d, expres\u00f3 la magistrada que tiene en sus manos la causa Hotesur-Los Sauces. Ma\u00f1ana habr\u00e1 una nueva reuni\u00f3n para definir su futuro.<a href=\"https:\/\/tn.com.ar\/autor\/AdrianVentura\/\"><\/a><\/p>\n\n\n\n<p>La jueza\u00a0Ana Mar\u00eda Figueroa solicitar\u00e1 a la Corte una licencia extraordinaria sin goce de sueldo hasta el 30 de noviembre. Esta tarde se llev\u00f3 adelante una reuni\u00f3n de la\u00a0<strong>C\u00e1mara de Casaci\u00f3n<\/strong>\u00a0de urgencia para votar su retiro. La magistrada ya cumpli\u00f3 los 75, edad jubilatoria, pero no defini\u00f3 retirarse.<\/p>\n\n\n\n<p>La jueza no renunci\u00f3, pero actualmente no ejerce funciones -s\u00ed mantiene su sueldo- y el presidente&nbsp;<strong>Alberto Fern\u00e1ndez<\/strong>&nbsp;envi\u00f3 el pliego a la Comisi\u00f3n de Acuerdos que lo trat\u00f3 y dio dictamen favorable. Sin embargo,&nbsp;<strong>el cuerpo del Senado nunca lo trat\u00f3<\/strong>&nbsp;y est\u00e1 pendiente la definici\u00f3n de su continuidad en el cargo.<\/p>\n\n\n\n<figure class=\"wp-block-image\"><img decoding=\"async\" src=\"https:\/\/tn.com.ar\/resizer\/01tuPeV6Ks_RCOj94h234984_dg=\/767x0\/smart\/filters:format(webp)\/cloudfront-us-east-1.images.arcpublishing.com\/artear\/6G55ZZZW6RCI5LPDRF3H5UEFCU.png\" alt=\"Ana Mar\u00eda Figueroa (Foto: NA)\"\/><\/figure>\n\n\n\n<p>Seg\u00fan pudo saber, algunos jueces pretenden que finalmente acepte jubilarse y otros, que siga trabajando en la Sala I de la C\u00e1mara de Casaci\u00f3n. Si bien ya no es la presidenta del Tribunal, durante la reuni\u00f3 se sent\u00f3 en la cabecera y sostuvo que la \u201cavasallan como mujer\u201d.<\/p>\n\n\n\n<p>En rigor, cinco integrantes del organismo le informaron al presidente de la Corte Suprema de Justicia,&nbsp;<strong>Horacio Rosatti<\/strong>, sobre la edad l\u00edmite que alcanz\u00f3 la jueza.<\/p>\n\n\n\n<p>En el Senado, el pliego est\u00e1\u00a0<strong>trabado producto de la oposici\u00f3n de Juntos por el Cambio<\/strong>\u00a0para convalidarlo, al considerar que es una jueza cercana al kirchnerismo.<\/p>\n\n\n\n<p>Figueroa tiene junto a sus pares de sala la definici\u00f3n de los casos de<strong>&nbsp;lavado de dinero<\/strong>&nbsp;conocidos como&nbsp;<strong>Hotesur y Los Sauces<\/strong>, donde est\u00e1n denunciados&nbsp;<strong>Cristina Kirchner&nbsp;<\/strong>y sus dos hijos,&nbsp;<strong>M\u00e1ximo y Florencia<\/strong>. En ese caso, la sala de Casaci\u00f3n debe resolver si confirma o no los sobreseimientos que se dictaron en el caso.<\/p>\n\n\n\n<figure class=\"wp-block-image\"><img decoding=\"async\" src=\"https:\/\/tn.com.ar\/resizer\/pa3EFTYn-20iXKjwlC59O7ct8Ds=\/767x0\/smart\/filters:format(webp)\/cloudfront-us-east-1.images.arcpublishing.com\/artear\/AYJKOHKPXXB6IV56FKVQNOOE24.jpg\" alt=\"Cristina, M\u00e1ximo y Florencia Kirchner. (Foto: NA)\"\/><\/figure>\n\n\n\n<p>Este&nbsp;<strong>mi\u00e9rcoles a las 13.30&nbsp;<\/strong>el Tribunal se reunir\u00e1 sin la presencia de Figueroa y&nbsp;<strong>nombrar\u00e1n un juez subrogante<\/strong>. En otras palabras, sus colegas la tendr\u00e1n por jubilada. Dejar\u00e1 de ser la presidenta de la C\u00e1mara de Casaci\u00f3n.<\/p>\n\n\n\n<p>Con todo, queda la posibilidad de que el Senado se re\u00fana y consiga qu\u00f3rum confirmando la continuidad de la magistrada en el cargo&nbsp;<strong>por cinco a\u00f1os m\u00e1s<\/strong>. En este escenario, la licencia carecer\u00e1 de sentido.<\/p>\n","protected":false},"excerpt":{"rendered":"<p>\u201cMe avasallan como mujer\u201d, expres\u00f3 la magistrada que tiene en sus manos la causa Hotesur-Los Sauces. Ma\u00f1ana habr\u00e1 una nueva reuni\u00f3n para definir su futuro. La jueza\u00a0Ana Mar\u00eda Figueroa solicitar\u00e1&hellip; <\/p>\n","protected":false},"author":8,"featured_media":85655,"comment_status":"closed","ping_status":"open","sticky":false,"template":"","format":"standard","meta":{"footnotes":""},"categories":[3],"tags":[],"class_list":["post-85654","post","type-post","status-publish","format-standard","has-post-thumbnail","hentry","category-politica"],"_links":{"self":[{"href":"https:\/\/corrientesdetarde.com\/index.php\/wp-json\/wp\/v2\/posts\/85654","targetHints":{"allow":["GET"]}}],"collection":[{"href":"https:\/\/corrientesdetarde.com\/index.php\/wp-json\/wp\/v2\/posts"}],"about":[{"href":"https:\/\/corrientesdetarde.com\/index.php\/wp-json\/wp\/v2\/types\/post"}],"author":[{"embeddable":true,"href":"https:\/\/corrientesdetarde.com\/index.php\/wp-json\/wp\/v2\/users\/8"}],"replies":[{"embeddable":true,"href":"https:\/\/corrientesdetarde.com\/index.php\/wp-json\/wp\/v2\/comments?post=85654"}],"version-history":[{"count":1,"href":"https:\/\/corrientesdetarde.com\/index.php\/wp-json\/wp\/v2\/posts\/85654\/revisions"}],"predecessor-version":[{"id":85656,"href":"https:\/\/corrientesdetarde.com\/index.php\/wp-json\/wp\/v2\/posts\/85654\/revisions\/85656"}],"wp:featuredmedia":[{"embeddable":true,"href":"https:\/\/corrientesdetarde.com\/index.php\/wp-json\/wp\/v2\/media\/85655"}],"wp:attachment":[{"href":"https:\/\/corrientesdetarde.com\/index.php\/wp-json\/wp\/v2\/media?parent=85654"}],"wp:term":[{"taxonomy":"category","embeddable":true,"href":"https:\/\/corrientesdetarde.com\/index.php\/wp-json\/wp\/v2\/categories?post=85654"},{"taxonomy":"post_tag","embeddable":true,"href":"https:\/\/corrientesdetarde.com\/index.php\/wp-json\/wp\/v2\/tags?post=85654"}],"curies":[{"name":"wp","href":"https:\/\/api.w.org\/{rel}","templated":true}]}}