{"id":85657,"date":"2023-09-05T17:12:47","date_gmt":"2023-09-05T20:12:47","guid":{"rendered":"https:\/\/corrientesdetarde.com\/?p=85657"},"modified":"2023-09-05T17:12:58","modified_gmt":"2023-09-05T20:12:58","slug":"alerta-en-grecia-por-el-paso-de-un-huracan-mediterraneo-hay-un-muerto-y-varias-personas-desaparecidas","status":"publish","type":"post","link":"https:\/\/corrientesdetarde.com\/index.php\/internacionales\/alerta-en-grecia-por-el-paso-de-un-huracan-mediterraneo-hay-un-muerto-y-varias-personas-desaparecidas\/","title":{"rendered":"Alerta en Grecia por el paso de un hurac\u00e1n mediterraneo: hay un muerto y varias personas desaparecidas"},"content":{"rendered":"\n<p>El clima extremo se produce luego de los grandes incendios que han arrasado el pa\u00eds en las \u00faltimas semanas.<\/p>\n\n\n\n<p>En las \u00faltimas horas varias zonas de\u00a0Grecia \u00a0se vieron afectadas por el<strong>\u00a0peligroso fen\u00f3meno meteorol\u00f3gico<\/strong>\u00a0conocido como\u00a0<em>\u201cMedicane\u201d:<\/em>\u00a0un fuerte\u00a0<strong>hurac\u00e1n mediterr\u00e1neo<\/strong>\u00a0que gener\u00f3 lluvias torrenciales y graves inundaciones que arrastraron todo a su paso.<\/p>\n\n\n\n<p>Los bomberos reportaron la<strong>\u00a0muerte de un hombre\u00a0<\/strong>por la ca\u00edda de un muro. Seg\u00fan la Agencia de Noticias de Atenas, la pared se derrumb\u00f3 cuando el ganadero intentaba<strong>\u00a0llegar hasta sus animales para rescatarlos.\u00a0<\/strong>Asimismo, informaron la<strong>\u00a0desaparici\u00f3n de una persona\u00a0<\/strong>que se cree que fue arrastrada por la corriente.<\/p>\n\n\n\n<p>Este clima extremo llega despu\u00e9s de semanas de<strong>&nbsp;devastadores incendios forestales<\/strong>&nbsp;en Grecia, que causaron la muerte de m\u00e1s de 20 personas y provocaron la destrucci\u00f3n de vastas \u00e1reas de bosques y tierras de cultivo.<\/p>\n\n\n\n<figure class=\"wp-block-image\"><img decoding=\"async\" src=\"https:\/\/tn.com.ar\/resizer\/GGBFc2v2joM_9rFp7WmqlZDe2aY=\/767x0\/smart\/filters:format(webp)\/cloudfront-us-east-1.images.arcpublishing.com\/artear\/XTWGNXXCSZF3ZATPIN4L3KZYAA.jfif\" alt=\"Las inundaciones en Grecia causaron estragos. (Foto: AP)\"\/><\/figure>\n\n\n\n<p>Se estima que las\u00a0<strong>precipitaciones<\/strong>\u00a0alcanzadas en este episodio podr\u00edan superar los<strong>\u00a01000 litros<\/strong>, lo que representa una suma hist\u00f3rica para la el pa\u00eds mediterr\u00e1neo. Debido a la fuerte tormenta las autoridades de Grecia\u00a0<strong>prohibieron la circulaci\u00f3n de veh\u00edculos\u00a0<\/strong>en la localidad de<strong>\u00a0Volos<\/strong>, en el centro del pa\u00eds, y en la regi\u00f3n monta\u00f1osa de\u00a0<strong>Pilion<\/strong>.<\/p>\n\n\n\n<p>En rigor, la agencia meteorol\u00f3gica de Grecia advirti\u00f3 que la ciudad de Pilion podr\u00eda recibir&nbsp;<strong>hasta 70 cent\u00edmetros de lluvia el martes y mi\u00e9rcoles,&nbsp;<\/strong>mientras que en la localidad de<strong>&nbsp;Karditsa, se esperan entre 55 y 60 cent\u00edmetros<\/strong>. Estas cifras son significativamente superiores al promedio anual de precipitaciones en la capital, Atenas, que es de unos 40 cent\u00edmetros.<\/p>\n\n\n\n<p>\u201cEl pa\u00eds heleno quedar\u00e1&nbsp;<strong>bajo el frente de ataque del embolsamiento de aire fr\u00edo,&nbsp;<\/strong>donde las condiciones son m\u00e1s favorables para que crezcan&nbsp;<strong>tormentas muy organizadas o sistemas convectivos,&nbsp;<\/strong>como ha pasado en Espa\u00f1a\u201d, indicaron en el portal meteorol\u00f3gico Meteored.<\/p>\n","protected":false},"excerpt":{"rendered":"<p>El clima extremo se produce luego de los grandes incendios que han arrasado el pa\u00eds en las \u00faltimas semanas. En las \u00faltimas horas varias zonas de\u00a0Grecia \u00a0se vieron afectadas por&hellip; <\/p>\n","protected":false},"author":8,"featured_media":85658,"comment_status":"closed","ping_status":"open","sticky":false,"template":"","format":"standard","meta":{"footnotes":""},"categories":[11],"tags":[],"class_list":["post-85657","post","type-post","status-publish","format-standard","has-post-thumbnail","hentry","category-internacionales"],"_links":{"self":[{"href":"https:\/\/corrientesdetarde.com\/index.php\/wp-json\/wp\/v2\/posts\/85657","targetHints":{"allow":["GET"]}}],"collection":[{"href":"https:\/\/corrientesdetarde.com\/index.php\/wp-json\/wp\/v2\/posts"}],"about":[{"href":"https:\/\/corrientesdetarde.com\/index.php\/wp-json\/wp\/v2\/types\/post"}],"author":[{"embeddable":true,"href":"https:\/\/corrientesdetarde.com\/index.php\/wp-json\/wp\/v2\/users\/8"}],"replies":[{"embeddable":true,"href":"https:\/\/corrientesdetarde.com\/index.php\/wp-json\/wp\/v2\/comments?post=85657"}],"version-history":[{"count":1,"href":"https:\/\/corrientesdetarde.com\/index.php\/wp-json\/wp\/v2\/posts\/85657\/revisions"}],"predecessor-version":[{"id":85659,"href":"https:\/\/corrientesdetarde.com\/index.php\/wp-json\/wp\/v2\/posts\/85657\/revisions\/85659"}],"wp:featuredmedia":[{"embeddable":true,"href":"https:\/\/corrientesdetarde.com\/index.php\/wp-json\/wp\/v2\/media\/85658"}],"wp:attachment":[{"href":"https:\/\/corrientesdetarde.com\/index.php\/wp-json\/wp\/v2\/media?parent=85657"}],"wp:term":[{"taxonomy":"category","embeddable":true,"href":"https:\/\/corrientesdetarde.com\/index.php\/wp-json\/wp\/v2\/categories?post=85657"},{"taxonomy":"post_tag","embeddable":true,"href":"https:\/\/corrientesdetarde.com\/index.php\/wp-json\/wp\/v2\/tags?post=85657"}],"curies":[{"name":"wp","href":"https:\/\/api.w.org\/{rel}","templated":true}]}}