{"id":85660,"date":"2023-09-05T17:15:35","date_gmt":"2023-09-05T20:15:35","guid":{"rendered":"https:\/\/corrientesdetarde.com\/?p=85660"},"modified":"2023-09-05T17:15:39","modified_gmt":"2023-09-05T20:15:39","slug":"la-subsecretaria-de-desarrollo-humano-comenzo-septiembre-con-talleres-de-capacitacion","status":"publish","type":"post","link":"https:\/\/corrientesdetarde.com\/index.php\/sociales\/la-subsecretaria-de-desarrollo-humano-comenzo-septiembre-con-talleres-de-capacitacion\/","title":{"rendered":"La Subsecretaria de Desarrollo Humano comenz\u00f3 septiembre con Talleres de Capacitaci\u00f3n"},"content":{"rendered":"\n<p>Con el fin de brindar oportunidades, el Ministerio de Desarrollo Social de la provincia contin\u00faa con capacitaciones en oficio, que les proveer\u00e1 una salida laboral r\u00e1pida. Este martes 5 se abri\u00f3 el taller de motos y el viernes 1 comenz\u00f3 el curso de pasteler\u00eda.<\/p>\n\n\n\n<p>El dictado del mismo se lleva a cabo a trav\u00e9s de la Subsecretar\u00eda de Desarrollo Humano e Igualdad a cargo de la&nbsp;Lic Gabriela Castro dependiente del Ministerio, en la sede de este organismo en Pellegrini 571 con cupos limitados por la ma\u00f1ana. Los interesados podr\u00e1n comunicarse al 3794 54-7791<\/p>\n\n\n\n<p>Por otra parte el viernes 1 de septiembre se abri\u00f3 el Taller de pasteler\u00eda tambi\u00e9n , el mismo se dicta en 9 de julio 1536 primer piso por la ma\u00f1ana.<\/p>\n\n\n\n<p>En esta ocasi\u00f3n se ense\u00f1\u00f3 a elaborar bizcochuelo casero. Para mayor informaci\u00f3n comunicarse con el tel.: 3794 24-0858<\/p>\n\n\n\n<figure class=\"wp-block-image size-large\"><img loading=\"lazy\" decoding=\"async\" width=\"1024\" height=\"461\" src=\"https:\/\/corrientesdetarde.com\/wp-content\/uploads\/2023\/09\/image-92-1024x461.png\" alt=\"\" class=\"wp-image-85661\" srcset=\"https:\/\/corrientesdetarde.com\/wp-content\/uploads\/2023\/09\/image-92-1024x461.png 1024w, https:\/\/corrientesdetarde.com\/wp-content\/uploads\/2023\/09\/image-92-300x135.png 300w, https:\/\/corrientesdetarde.com\/wp-content\/uploads\/2023\/09\/image-92-768x346.png 768w, https:\/\/corrientesdetarde.com\/wp-content\/uploads\/2023\/09\/image-92-1536x691.png 1536w, https:\/\/corrientesdetarde.com\/wp-content\/uploads\/2023\/09\/image-92.png 1600w\" sizes=\"auto, (max-width: 1024px) 100vw, 1024px\" \/><\/figure>\n","protected":false},"excerpt":{"rendered":"<p>Con el fin de brindar oportunidades, el Ministerio de Desarrollo Social de la provincia contin\u00faa con capacitaciones en oficio, que les proveer\u00e1 una salida laboral r\u00e1pida. Este martes 5 se&hellip; <\/p>\n","protected":false},"author":8,"featured_media":85662,"comment_status":"closed","ping_status":"open","sticky":false,"template":"","format":"standard","meta":{"footnotes":""},"categories":[17],"tags":[],"class_list":["post-85660","post","type-post","status-publish","format-standard","has-post-thumbnail","hentry","category-sociales"],"_links":{"self":[{"href":"https:\/\/corrientesdetarde.com\/index.php\/wp-json\/wp\/v2\/posts\/85660","targetHints":{"allow":["GET"]}}],"collection":[{"href":"https:\/\/corrientesdetarde.com\/index.php\/wp-json\/wp\/v2\/posts"}],"about":[{"href":"https:\/\/corrientesdetarde.com\/index.php\/wp-json\/wp\/v2\/types\/post"}],"author":[{"embeddable":true,"href":"https:\/\/corrientesdetarde.com\/index.php\/wp-json\/wp\/v2\/users\/8"}],"replies":[{"embeddable":true,"href":"https:\/\/corrientesdetarde.com\/index.php\/wp-json\/wp\/v2\/comments?post=85660"}],"version-history":[{"count":1,"href":"https:\/\/corrientesdetarde.com\/index.php\/wp-json\/wp\/v2\/posts\/85660\/revisions"}],"predecessor-version":[{"id":85663,"href":"https:\/\/corrientesdetarde.com\/index.php\/wp-json\/wp\/v2\/posts\/85660\/revisions\/85663"}],"wp:featuredmedia":[{"embeddable":true,"href":"https:\/\/corrientesdetarde.com\/index.php\/wp-json\/wp\/v2\/media\/85662"}],"wp:attachment":[{"href":"https:\/\/corrientesdetarde.com\/index.php\/wp-json\/wp\/v2\/media?parent=85660"}],"wp:term":[{"taxonomy":"category","embeddable":true,"href":"https:\/\/corrientesdetarde.com\/index.php\/wp-json\/wp\/v2\/categories?post=85660"},{"taxonomy":"post_tag","embeddable":true,"href":"https:\/\/corrientesdetarde.com\/index.php\/wp-json\/wp\/v2\/tags?post=85660"}],"curies":[{"name":"wp","href":"https:\/\/api.w.org\/{rel}","templated":true}]}}