{"id":85664,"date":"2023-09-05T17:19:41","date_gmt":"2023-09-05T20:19:41","guid":{"rendered":"https:\/\/corrientesdetarde.com\/?p=85664"},"modified":"2023-09-05T17:19:53","modified_gmt":"2023-09-05T20:19:53","slug":"patricia-bullrich-le-pidio-a-schiaretti-que-baje-su-candidatura","status":"publish","type":"post","link":"https:\/\/corrientesdetarde.com\/index.php\/politica\/patricia-bullrich-le-pidio-a-schiaretti-que-baje-su-candidatura\/","title":{"rendered":"Patricia Bullrich le pidi\u00f3 a Schiaretti que baje su candidatura"},"content":{"rendered":"\n<p>Tras rechazar sumar a Schiaretti a Juntos por el Cambio, ahora Patricia Bullrich busca sumar los votantes del candidato presidencial cordob\u00e9s.<\/p>\n\n\n\n<p>La candidata presidencial de Juntos por el Cambio (JxC),&nbsp;<strong>Patricia Bullrich,<\/strong>&nbsp;le pidi\u00f3 este martes p\u00fablicamente al gobernador de C\u00f3rdoba,&nbsp;<strong>Juan Schiaretti,<\/strong>&nbsp;que&nbsp;decline su postulaci\u00f3n presidencial, lo que mereci\u00f3 la respuesta de&nbsp;<strong>Florencio Randazzo<\/strong>, integrante de la f\u00f3rmula que encabeza el mandatario mediterr\u00e1neo, quien&nbsp;calific\u00f3 la propuesta de la exministra de Seguridad como \u201cantidemocr\u00e1tica\u201d.<\/p>\n\n\n\n<p>\u201cNo estar\u00eda mal que se baje Schiaretti\u201d, dijo hoy Bullrich&nbsp;al hablar con radio&nbsp;<em>Pulxo de C\u00f3rdoba<\/em>&nbsp;en el marco de una visita a esa provincia, y explic\u00f3 que \u201ccon todo respeto al gobernador y al votante, la gente tiene que elegir estrat\u00e9gicamente\u201d.<\/p>\n\n\n\n<p>En este sentido, Bullrich se pregunt\u00f3: \u201c\u00bfQui\u00e9n va a representar mejor los intereses de C\u00f3rdoba?\u201d, y asegur\u00f3 que&nbsp;\u201cde los tres que estamos en competencia, Patricia Bullrich es quien va a defender el campo y la industria cordobeses, va a ayudar para que los cordobeses tengan m\u00e1s seguridad\u201d.<\/p>\n\n\n\n<figure class=\"wp-block-image\"><img decoding=\"async\" src=\"https:\/\/media.minutouno.com\/p\/76544b087728c2bd6b89a608ef9341aa\/adjuntos\/150\/imagenes\/040\/950\/0040950536\/debate-massa-milei-bullrich-schiaretti-bregmanjpg.jpg?2023-08-31-19-56-01\" alt=\"\" title=\"\"\/><\/figure>\n\n\n\n<p>Y aclar\u00f3 que \u201cno es en contra de \u00e9l (en alusi\u00f3n a Schiaretti), sino a favor de qui\u00e9n pongo el voto\u201d.<\/p>\n\n\n\n<p>Ante esta propuesta, Florencio Randazzo, candidato a vicepresidente en la f\u00f3rmula con Schiaretti, asegur\u00f3 por redes sociales que&nbsp;\u201cpedirle a un candidato a Presidente que se baje es profundamente antidemocr\u00e1tico\u201d.<\/p>\n\n\n\n<p>\u201cEspero que Bullrich reflexione y admita que se equivoc\u00f3. No solo el m\u00e1s votado puede competir. En \u00e9poca de tanto oportunismo por los cargos, nosotros sostenemos las ideas la coherencia y los valores\u201d, concluy\u00f3 Randazzo.<\/p>\n\n\n\n<p>Bullrich, en tanto, tambi\u00e9n explic\u00f3 porqu\u00e9 en su momento rechaz\u00f3 el ingreso de Schiaretti a Juntos por el Cambio, en la previa a las PASO, una propuesta que era sostenida tanto por&nbsp;<strong>Horacio Rodr\u00edguez Larreta<\/strong>&nbsp;como por Gerardo Morales.<\/p>\n\n\n\n<p>\u201cCuando se habl\u00f3 de Schiaretti en su momento interfer\u00eda en las elecciones provinciales, y esa discusi\u00f3n (dentro de Juntos por el Cambio) nos parti\u00f3 al medio\u201d, explic\u00f3 la candidata presidencial.<\/p>\n\n\n\n<p>\u201cNosotros -continu\u00f3-&nbsp;no tenemos un problema insalvable con Schiaretti, pero no quer\u00edamos que (su incorporaci\u00f3n) fuera una forma de perder las elecciones en C\u00f3rdoba, que fue lo que sucedi\u00f3\u201d,&nbsp;al aludir al triunfo de&nbsp;<strong>Mart\u00edn Llaryora<\/strong>&nbsp;en los comicios a la gobernaci\u00f3n provincial.<\/p>\n\n\n\n<figure class=\"wp-block-image\"><img decoding=\"async\" src=\"https:\/\/media.minutouno.com\/p\/1c60aa49ae3e9539db96b0942c2c2982\/adjuntos\/150\/imagenes\/040\/910\/0040910581\/610x0\/smart\/schiaretti-randazzojpg.jpg\" alt=\"\" title=\"\"\/><\/figure>\n\n\n\n<p>\u201cNo le saco m\u00e9rito al que gan\u00f3\u201d, dijo Bullrich en alusi\u00f3n a Llaryora, pero agreg\u00f3 que \u201cest\u00e1bamos convencidos de que si eso no pasaba (la discusi\u00f3n en torno a la incorporaci\u00f3n de Schiaretti a Juntos por el Cambio), gan\u00e1bamos C\u00f3rdoba\u201d.<\/p>\n\n\n\n<p>Al insistir con su idea de que el mandatario cordob\u00e9s de un paso al costado, Bullrich expres\u00f3 que \u201cser\u00eda una buena idea que deje que su voto se disperse, que deje de ser candidato a presidente y piense en otra instancia de colaboraci\u00f3n con el pa\u00eds\u201d.<\/p>\n\n\n\n<p>Asimismo, Bullrich dijo que est\u00e1 \u201cconvencida\u201d de que en las elecciones del 22 de octubre obtendr\u00e1 \u201cm\u00e1s de 30 puntos\u201d en las elecciones, y asegur\u00f3 estar &#8220;convencida&#8221; que es &#8220;la persona que tiene el equipo y las espaldas&#8221; como para conducir el pa\u00eds.<\/p>\n\n\n\n<p>Al cuestionar al candidato de La Libertad Avanza,&nbsp;<strong>Javier Milei<\/strong>, Bullrich dijo que&nbsp;\u201ccuando le preguntaron por los sindicalistas se hizo el distra\u00eddo\u201d.<\/p>\n\n\n\n<p>En este sentido,&nbsp;se mostr\u00f3 partidaria que los dirigentes sindicales tengan solamente dos mandatos y dijo que en muchos casos los gremialistas \u201cson privilegiados llenos de plata\u201d.<\/p>\n\n\n\n<p>\u201cYo quiero cambiar y cambiar todas las castas y privilegios, no s\u00f3lo algunos\u201d, remat\u00f3 al cuestionar a Milei.<\/p>\n","protected":false},"excerpt":{"rendered":"<p>Tras rechazar sumar a Schiaretti a Juntos por el Cambio, ahora Patricia Bullrich busca sumar los votantes del candidato presidencial cordob\u00e9s. La candidata presidencial de Juntos por el Cambio (JxC),&nbsp;Patricia&hellip; <\/p>\n","protected":false},"author":8,"featured_media":85665,"comment_status":"closed","ping_status":"open","sticky":false,"template":"","format":"standard","meta":{"footnotes":""},"categories":[3],"tags":[],"class_list":["post-85664","post","type-post","status-publish","format-standard","has-post-thumbnail","hentry","category-politica"],"_links":{"self":[{"href":"https:\/\/corrientesdetarde.com\/index.php\/wp-json\/wp\/v2\/posts\/85664","targetHints":{"allow":["GET"]}}],"collection":[{"href":"https:\/\/corrientesdetarde.com\/index.php\/wp-json\/wp\/v2\/posts"}],"about":[{"href":"https:\/\/corrientesdetarde.com\/index.php\/wp-json\/wp\/v2\/types\/post"}],"author":[{"embeddable":true,"href":"https:\/\/corrientesdetarde.com\/index.php\/wp-json\/wp\/v2\/users\/8"}],"replies":[{"embeddable":true,"href":"https:\/\/corrientesdetarde.com\/index.php\/wp-json\/wp\/v2\/comments?post=85664"}],"version-history":[{"count":1,"href":"https:\/\/corrientesdetarde.com\/index.php\/wp-json\/wp\/v2\/posts\/85664\/revisions"}],"predecessor-version":[{"id":85666,"href":"https:\/\/corrientesdetarde.com\/index.php\/wp-json\/wp\/v2\/posts\/85664\/revisions\/85666"}],"wp:featuredmedia":[{"embeddable":true,"href":"https:\/\/corrientesdetarde.com\/index.php\/wp-json\/wp\/v2\/media\/85665"}],"wp:attachment":[{"href":"https:\/\/corrientesdetarde.com\/index.php\/wp-json\/wp\/v2\/media?parent=85664"}],"wp:term":[{"taxonomy":"category","embeddable":true,"href":"https:\/\/corrientesdetarde.com\/index.php\/wp-json\/wp\/v2\/categories?post=85664"},{"taxonomy":"post_tag","embeddable":true,"href":"https:\/\/corrientesdetarde.com\/index.php\/wp-json\/wp\/v2\/tags?post=85664"}],"curies":[{"name":"wp","href":"https:\/\/api.w.org\/{rel}","templated":true}]}}