{"id":85667,"date":"2023-09-05T17:24:06","date_gmt":"2023-09-05T20:24:06","guid":{"rendered":"https:\/\/corrientesdetarde.com\/?p=85667"},"modified":"2023-09-05T17:24:18","modified_gmt":"2023-09-05T20:24:18","slug":"que-paso-entre-los-referentes-de-river-y-demichelis-la-charla-privada-que-se-filtro-y-molesto-al-plantel","status":"publish","type":"post","link":"https:\/\/corrientesdetarde.com\/index.php\/deportes\/que-paso-entre-los-referentes-de-river-y-demichelis-la-charla-privada-que-se-filtro-y-molesto-al-plantel\/","title":{"rendered":"Qu\u00e9 pas\u00f3 entre los referentes de River y Demichelis: la charla privada que se filtr\u00f3 y molest\u00f3 al plantel"},"content":{"rendered":"\n<p>El DT est\u00e1 en la mira por los malos resultados y el baj\u00edsimo nivel del equipo. Los jugadores, por su parte, se enteraron de una charla que nunca debi\u00f3 haber salido a la luz.<\/p>\n\n\n\n<p>Si algo dej\u00f3 la era de Marcelo Gallardo en\u00a0<strong>River<\/strong>, adem\u00e1s de t\u00edtulos y resultados hist\u00f3ricos, fue un mantra irrompible: ning\u00fan detalle de la interna se filtraba. Este mandamiento fundamental de un tiempo inolvidable para los Millonarios<strong>\u00a0se rompi\u00f3<\/strong>. Hoy, el tiempo de Mart\u00edn Demichelis como sucesor est\u00e1 en su peor momento justamente porque a los mala cosecha deportiva se le suma una bomba de tiempo:\u00a0<strong>los referentes del pantel se enteraron de una charla privada que los molest\u00f3<\/strong>.<\/p>\n\n\n\n<p>A la eliminaci\u00f3n en la Copa Libertadores, la Copa Argentina y la \u00faltima derrota en el torneo local ante V\u00e9lez se le suma ahora una profunda crisis entre los l\u00edderes y el entrenador.<\/p>\n\n\n\n<h2 class=\"wp-block-heading\">La charla privada de Mart\u00edn Demichelis que molest\u00f3 a los jugadores<\/h2>\n\n\n\n<p>Fue tras la dur\u00edsima eliminaci\u00f3n de River en la Copa Libertadores ocurrida en Brasil ante Inter de Porto Alegre. El DT habr\u00eda mantenido una charla informal y privada con periodistas que cubren el d\u00eda a d\u00eda del Millonario y algunas de las declaraciones del entrenador habr\u00eda sido filtradas al plantel.\u00a0<strong>Demichelis se habr\u00eda quejado del nivel de algunos futbolistas en particular a los que mencion\u00f3 con nombres propios<\/strong>\u00a0y habr\u00eda dejado una frase contundente relacionada con<strong>\u00a0lo implacable del paso del tiempo<\/strong>\u00a0para algunos jugadores, sobre todo para algunos de los m\u00e1ximos representantes.<\/p>\n\n\n\n<h2 class=\"wp-block-heading\">C\u00f3mo est\u00e1 la relaci\u00f3n de Mart\u00edn Demichelis con el plantel de River<\/h2>\n\n\n\n<p>Esta semana, en tanto, se filtr\u00f3 la informaci\u00f3n que suger\u00eda que algunos de los jugadores que Demichelis se\u00f1al\u00f3 en esa charla que deb\u00eda ser privada ya no iban a ser tenidos en cuenta a partir de diciembre. Ese comentario no solo lleg\u00f3 a los o\u00eddos de esos futbolistas de River, que pidieron una reuni\u00f3n urgente con el DT, sino que los dirigentes tambi\u00e9n se enteraron.<\/p>\n\n\n\n<p>El episodio se suma a una serie de cr\u00edticas deportivas por los consecutivos cambios que lleva a cabo d\u00eda a d\u00eda el t\u00e9cnico del club de N\u00fa\u00f1ez.<\/p>\n\n\n\n<figure class=\"wp-block-image\"><img decoding=\"async\" src=\"https:\/\/tn.com.ar\/resizer\/eIeeY-oRYT_BI1oRB93GPOFFVtM=\/767x0\/smart\/filters:format(webp)\/cloudfront-us-east-1.images.arcpublishing.com\/artear\/J7YBMOLTRNFKTBMK4DCGSKH6WY.jpg\" alt=\"River perdi\u00f3 feo con V\u00e9lez y los hinchas fueron implacables con Mart\u00edn Demichelis: \u201cBusquen un DT\u201d (Foto: Fotobaires).\"\/><\/figure>\n\n\n\n<h2 class=\"wp-block-heading\">\u201cNo hay un buen clima\u201d<\/h2>\n\n\n\n<p>\u201cMart\u00edn Demichelis entend\u00eda que le iba a alcanzar con este plantel amplio que tiene para pelear la Copa de la Liga y para pensar en a Copa Libertadores del a\u00f1o que viene.&nbsp;<strong>Ese escenario cambi\u00f3.&nbsp;<\/strong>La eliminaci\u00f3n de la Libertadores fue una explosi\u00f3n en los dirigentes y en el plantel.&nbsp;<strong>No hay un buen clima<\/strong>\u201d, revel\u00f3 Gustavo Yarroch, periodista de&nbsp;<em>ESPN<\/em>.<\/p>\n\n\n\n<figure class=\"wp-block-image\"><img decoding=\"async\" src=\"https:\/\/tn.com.ar\/resizer\/77gISbwXivzm6sxcIfZDT8KYp0o=\/767x0\/smart\/filters:format(webp)\/thumbs.vodgc.net\/1-14-0w1Ofw1693856787471_1080P.jpg\" alt=\"Video Placeholder\"\/><\/figure>\n\n\n\n<p>La continuidad de Demichelis en River<\/p>\n\n\n\n<h2 class=\"wp-block-heading\">Los n\u00fameros de Mart\u00edn Demichelis como DT de River<\/h2>\n\n\n\n<p>En el Monumental, Mart\u00edn Demichelis gan\u00f3\u00a0<strong>17<\/strong>\u00a0de los\u00a0<strong>18<\/strong>\u00a0partidos que disput\u00f3, con el valor agregado de que logr\u00f3 la racha -que puede seguir estir\u00e1ndose- de victorias consecutivas m\u00e1s largas en la historia del club (16, hito que concret\u00f3 frente a Barracas Central). Solo perdi\u00f3 contra Arsenal, en febrero, cuando el entrenador reci\u00e9n empezaba a acomodarse en su puesto.<\/p>\n\n\n\n<p>En cambio, de visitante genera cierta preocupaci\u00f3n. De&nbsp;<strong>20<\/strong>&nbsp;partidos diputados en otro terreno, Demichelis cuenta con&nbsp;<strong>siete&nbsp;<\/strong>triunfos,&nbsp;<strong>cinco<\/strong>&nbsp;empates y&nbsp;<strong>ocho<\/strong>&nbsp;derrotas, que se resume en una efectividad del 43% (30 goles a favor y 29 en contra).<\/p>\n\n\n\n<h2 class=\"wp-block-heading\">La mala racha de River Plate fuera del Monumental<\/h2>\n\n\n\n<p>1-1 vs. Atl\u00e9tico Tucum\u00e1n (Liga Profesional).<\/p>\n\n\n\n<p>1-5 vs. Fluminense (Copa Libertadores).<\/p>\n\n\n\n<p>1-2 vs. Talleres (Liga Profesional).<\/p>\n\n\n\n<p>1-1 vs. Sporting Cristal (Copa Libertadores).<\/p>\n\n\n\n<p>2-2 vs. V\u00e9lez (Liga Profesional).<\/p>\n\n\n\n<p>4-1 vs. Banfield (Liga Profesional).<\/p>\n\n\n\n<p>1-2 vs. Barracas Central (Liga Profesional).<\/p>\n\n\n\n<p>0-0 vs. San Lorenzo (Liga Profesional).<\/p>\n\n\n\n<p>0-1 vs. Talleres (Copa Argentina).<\/p>\n\n\n\n<p>3-3 vs. Rosario Central (Liga Profesional).<\/p>\n\n\n\n<p>1-2 vs. Inter de Porto Alegre (Copa Libertadores).<\/p>\n\n\n\n<p>2-3 vs. Argentinos Juniors (Copa de la Liga).<\/p>\n\n\n\n<p>0-1 vs. V\u00e9lez (Copa de la Liga).<\/p>\n","protected":false},"excerpt":{"rendered":"<p>El DT est\u00e1 en la mira por los malos resultados y el baj\u00edsimo nivel del equipo. Los jugadores, por su parte, se enteraron de una charla que nunca debi\u00f3 haber&hellip; <\/p>\n","protected":false},"author":8,"featured_media":85668,"comment_status":"closed","ping_status":"open","sticky":false,"template":"","format":"standard","meta":{"footnotes":""},"categories":[4],"tags":[],"class_list":["post-85667","post","type-post","status-publish","format-standard","has-post-thumbnail","hentry","category-deportes"],"_links":{"self":[{"href":"https:\/\/corrientesdetarde.com\/index.php\/wp-json\/wp\/v2\/posts\/85667","targetHints":{"allow":["GET"]}}],"collection":[{"href":"https:\/\/corrientesdetarde.com\/index.php\/wp-json\/wp\/v2\/posts"}],"about":[{"href":"https:\/\/corrientesdetarde.com\/index.php\/wp-json\/wp\/v2\/types\/post"}],"author":[{"embeddable":true,"href":"https:\/\/corrientesdetarde.com\/index.php\/wp-json\/wp\/v2\/users\/8"}],"replies":[{"embeddable":true,"href":"https:\/\/corrientesdetarde.com\/index.php\/wp-json\/wp\/v2\/comments?post=85667"}],"version-history":[{"count":1,"href":"https:\/\/corrientesdetarde.com\/index.php\/wp-json\/wp\/v2\/posts\/85667\/revisions"}],"predecessor-version":[{"id":85669,"href":"https:\/\/corrientesdetarde.com\/index.php\/wp-json\/wp\/v2\/posts\/85667\/revisions\/85669"}],"wp:featuredmedia":[{"embeddable":true,"href":"https:\/\/corrientesdetarde.com\/index.php\/wp-json\/wp\/v2\/media\/85668"}],"wp:attachment":[{"href":"https:\/\/corrientesdetarde.com\/index.php\/wp-json\/wp\/v2\/media?parent=85667"}],"wp:term":[{"taxonomy":"category","embeddable":true,"href":"https:\/\/corrientesdetarde.com\/index.php\/wp-json\/wp\/v2\/categories?post=85667"},{"taxonomy":"post_tag","embeddable":true,"href":"https:\/\/corrientesdetarde.com\/index.php\/wp-json\/wp\/v2\/tags?post=85667"}],"curies":[{"name":"wp","href":"https:\/\/api.w.org\/{rel}","templated":true}]}}