{"id":85670,"date":"2023-09-05T17:46:15","date_gmt":"2023-09-05T20:46:15","guid":{"rendered":"https:\/\/corrientesdetarde.com\/?p=85670"},"modified":"2023-09-05T17:46:26","modified_gmt":"2023-09-05T20:46:26","slug":"siguen-los-cruces-por-la-suma-fija-la-uia-critico-al-gobierno-y-dijo-que-los-empresarios-tienen-miedo","status":"publish","type":"post","link":"https:\/\/corrientesdetarde.com\/index.php\/economia\/siguen-los-cruces-por-la-suma-fija-la-uia-critico-al-gobierno-y-dijo-que-los-empresarios-tienen-miedo\/","title":{"rendered":"Siguen los cruces por la suma fija: la UIA critic\u00f3 al Gobierno y dijo que los empresarios \u201ctienen miedo\u201d"},"content":{"rendered":"\n<p>Durante el ciclo Democracia y Desarrollo, el titular de la Uni\u00f3n Industrial, Daniel Funes de Rioja, critic\u00f3 otra vez a Sergio Massa. \u201cNos enchufan un bono no remunerativo de la noche a la ma\u00f1ana\u201d, reclam\u00f3.<\/p>\n\n\n\n<p>La tensi\u00f3n entre empresarios y el Gobierno por la suma fija no da tregua. El presidente de la UIA,&nbsp;<strong>Daniel Funes de Rioja<\/strong>, volvi\u00f3 a cuestionar al ministro de Econom\u00eda, Sergio Massa, y manifest\u00f3 que<strong>&nbsp;\u201clos empresarios tienen miedo\u201d<\/strong>&nbsp;porque hay medidas que<strong>&nbsp;\u201clos funden\u201d.<\/strong><\/p>\n\n\n\n<p>\u201cAhora estamos discutiendo este bono. Hace un a\u00f1o que venimos sosteniendo que deber\u00eda haber solo paritarias y\u00a0<strong>nos enchufan una no remunerativa de la noche a la ma\u00f1ana<\/strong>\u201d, reclam\u00f3 el empresario durante el ciclo Democracia y Desarrollo.<\/p>\n\n\n\n<p><strong>\u201cNing\u00fan pa\u00eds se desarrolla con econom\u00eda de subsistencia<\/strong>, se lo hemos dicho al Gobierno. Tiene que ser con producci\u00f3n\u201d, insisti\u00f3 Funes de Rioja. Adem\u00e1s, tambi\u00e9n carg\u00f3 contra los problemas de regulaci\u00f3n del teletrabajo e ironiz\u00f3 que esa forma creciente de actividad en la Argentina est\u00e1 \u201cregulada por Dr. Jekyll\u201d.<\/p>\n\n\n\n<p>A su vez, sostuvo que \u201clos empresarios tienen ganas de invertir, pero&nbsp;<strong>tienen miedo porque los funden<\/strong>\u201d y advirti\u00f3: \u201cAc\u00e1 hay una frase que en el G20 se repite insistentemente:<strong>&nbsp;entorno favorable propicio<\/strong>&nbsp;para la generaci\u00f3n de empresas y empleo. Y&nbsp;<strong>eso no lo tenemos porque la iniciativa privada no tiene el lugar&nbsp;<\/strong>que debe tener\u201d.<\/p>\n\n\n\n<figure class=\"wp-block-image\"><img decoding=\"async\" src=\"https:\/\/tn.com.ar\/resizer\/_xUJLGZD1qw4mX1yNewFNaL40iE=\/767x0\/smart\/filters:format(webp)\/cloudfront-us-east-1.images.arcpublishing.com\/artear\/4QDXXQXGEFDEVERPDG256PJRNY.jpg\" alt=\"Funes de Rioja volvi\u00f3 a cruzar a Sergio Massa por la suma fija. (Foto: NA\/MECON)\"\/><\/figure>\n\n\n\n<p>Funes de Rioja lament\u00f3 que por la inestabilidad macroecon\u00f3mica \u201cno se puede hacer otra cosa m\u00e1s que aventuras\u201d, y acus\u00f3 al sistema normativo de \u201cno responder a las necesidades laborales\u201d.<\/p>\n\n\n\n<p>\u201cPongamos el pie en la tierra. No es matar trabajadores, es crear empleo formal. La informalidad es un circo, en el mundo desarrollado han buscado esquemas de formalizaci\u00f3n\u201d, detall\u00f3, y consider\u00f3 que\u00a0<strong>el pa\u00eds est\u00e1 \u201cen emergencia laboral\u201d.<\/strong><\/p>\n\n\n\n<p>Funes de Rioja pidi\u00f3 facilitar el acceso de la gente al mercado formal y dijo que \u201cse deben atender las nuevas realidades laborales\u201d. \u201cMiremos a los nuevos trabajadores, hay que hacer un ingreso masivo al mundo registrado\u201d, indic\u00f3.<\/p>\n\n\n\n<p>Por otra parte, el referente de la UIA les dej\u00f3 un mensaje a los candidatos presidenciales: \u201cTienen que entender la l\u00f3gica productiva y las relaciones del trabajo<strong>. Si nos dicen vamos a promover la industria, al otro d\u00eda no me inventen 18 impuestos m\u00e1s\u201d.<\/strong><\/p>\n","protected":false},"excerpt":{"rendered":"<p>Durante el ciclo Democracia y Desarrollo, el titular de la Uni\u00f3n Industrial, Daniel Funes de Rioja, critic\u00f3 otra vez a Sergio Massa. \u201cNos enchufan un bono no remunerativo de la&hellip; <\/p>\n","protected":false},"author":8,"featured_media":85671,"comment_status":"closed","ping_status":"open","sticky":false,"template":"","format":"standard","meta":{"footnotes":""},"categories":[20],"tags":[],"class_list":["post-85670","post","type-post","status-publish","format-standard","has-post-thumbnail","hentry","category-economia"],"_links":{"self":[{"href":"https:\/\/corrientesdetarde.com\/index.php\/wp-json\/wp\/v2\/posts\/85670","targetHints":{"allow":["GET"]}}],"collection":[{"href":"https:\/\/corrientesdetarde.com\/index.php\/wp-json\/wp\/v2\/posts"}],"about":[{"href":"https:\/\/corrientesdetarde.com\/index.php\/wp-json\/wp\/v2\/types\/post"}],"author":[{"embeddable":true,"href":"https:\/\/corrientesdetarde.com\/index.php\/wp-json\/wp\/v2\/users\/8"}],"replies":[{"embeddable":true,"href":"https:\/\/corrientesdetarde.com\/index.php\/wp-json\/wp\/v2\/comments?post=85670"}],"version-history":[{"count":1,"href":"https:\/\/corrientesdetarde.com\/index.php\/wp-json\/wp\/v2\/posts\/85670\/revisions"}],"predecessor-version":[{"id":85672,"href":"https:\/\/corrientesdetarde.com\/index.php\/wp-json\/wp\/v2\/posts\/85670\/revisions\/85672"}],"wp:featuredmedia":[{"embeddable":true,"href":"https:\/\/corrientesdetarde.com\/index.php\/wp-json\/wp\/v2\/media\/85671"}],"wp:attachment":[{"href":"https:\/\/corrientesdetarde.com\/index.php\/wp-json\/wp\/v2\/media?parent=85670"}],"wp:term":[{"taxonomy":"category","embeddable":true,"href":"https:\/\/corrientesdetarde.com\/index.php\/wp-json\/wp\/v2\/categories?post=85670"},{"taxonomy":"post_tag","embeddable":true,"href":"https:\/\/corrientesdetarde.com\/index.php\/wp-json\/wp\/v2\/tags?post=85670"}],"curies":[{"name":"wp","href":"https:\/\/api.w.org\/{rel}","templated":true}]}}