{"id":85673,"date":"2023-09-05T17:50:55","date_gmt":"2023-09-05T20:50:55","guid":{"rendered":"https:\/\/corrientesdetarde.com\/?p=85673"},"modified":"2023-09-05T17:53:55","modified_gmt":"2023-09-05T20:53:55","slug":"alberto-fernandez-dijo-que-la-pandemia-genero-una-alteracion-psicologica-que-hizo-renacer-el-negacionismo","status":"publish","type":"post","link":"https:\/\/corrientesdetarde.com\/index.php\/nacionales\/alberto-fernandez-dijo-que-la-pandemia-genero-una-alteracion-psicologica-que-hizo-renacer-el-negacionismo\/","title":{"rendered":"Alberto Fern\u00e1ndez dijo que la pandemia gener\u00f3 una \u201calteraci\u00f3n psicol\u00f3gica\u201d que \u201chizo renacer el negacionismo\u201d"},"content":{"rendered":"\n<p>Alberto Fern\u00e1ndez encabez\u00f3 el Primer Encuentro Nacional de Salud Mental en Tecn\u00f3polis y culp\u00f3 al Covid-19 de la situaci\u00f3n pol\u00edtica y electoral actual.<\/p>\n\n\n\n<p>En medio de la campa\u00f1a electoral, una de las figuras del oficialismo que aparece poco es ni m\u00e1s ni menos que el Presidente\u00a0Alberto Fern\u00e1ndez.. Corrido del eje p\u00fablico desde que decidi\u00f3 no ser candidato, ya no aparece en p\u00fablico de manera frecuente. Sin embargo, este martes encabez\u00f3 un encuentro sobre salud mental y sus palabras no pasaron desapercibidas.<\/p>\n\n\n\n<p>\u201c<strong>La pandemia alter\u00f3 la salud mental de todos<\/strong>\u00a0y a todos nos puso en alerta. Y a todos nos ha sensibilizado mucho m\u00e1s. Todos sentimos que el riesgo se ha potenciado y que nuestra inseguridad es mucho m\u00e1s alta. Por eso tambi\u00e9n se dan los fen\u00f3menos que se dan. Por eso algunos creen que la culpa la tienen los africanos que migran a Europa o la culpa la tiene alg\u00fan sector social y por eso<strong>\u00a0vuelve a renacer el nazismo y vuelven a renacer pol\u00edticas negacionistas<\/strong>\u201d, expres\u00f3 Fern\u00e1ndez.<\/p>\n\n\n\n<p>El discurso se dio en la jornada inaugural del Primer Encuentro Nacional de Salud Mental en perspectiva federal e intersectorial, que se desarrollar\u00e1 durante dos d\u00edas en Tecn\u00f3polis. El Presidente encabez\u00f3 la apertura junto a la ministra de Salud,&nbsp;<strong>Carla Vizzotti<\/strong>. All\u00ed, el mandatario habl\u00f3 de secuelas psicol\u00f3gicas que trajo la pandemia de COVID-19 y c\u00f3mo algunos sectores aprovecharon esa crisis.<\/p>\n\n\n\n<p>\u201cAprovechan la inseguridad de todos para hacerles creer que detr\u00e1s de esas pol\u00edticas hay en verdad un acto de protecci\u00f3n, aprovechan ese\u00a0<strong>momento de alteraci\u00f3n psicol\u00f3gica que vive el mundo<\/strong>. Y no pasa en la Argentina, pasa en todo el mundo\u201d, remarc\u00f3 el jefe de Estado.<\/p>\n\n\n\n<p>Este lunes, Alberto Fern\u00e1ndez se hab\u00eda referido al candidato de La Libertad Avanza y ganador de las PASO, Javier Milei, como un\u00a0<strong>\u201cnegacionista de la dictadura<\/strong>\u201d al encabezar un acto en la provincia de San Juan. \u201cNosotros no somos negacionistas del cambio clim\u00e1tico, nosotros no somos negacionistas de la dictadura, los negacionistas son los que hablan de la libertad\u201d, manifest\u00f3.<\/p>\n\n\n\n<figure class=\"wp-block-image\"><img decoding=\"async\" src=\"https:\/\/tn.com.ar\/resizer\/1WNSBGGchAlowucT4oSLebwVZ84=\/767x0\/smart\/filters:format(webp)\/cloudfront-us-east-1.images.arcpublishing.com\/artear\/EYABVFQFXFE43JE2CBISE5K5C4.jpg\" alt=\"Victoria Villaruel, vice de Javier Milei, ha defendido a militares encarcelados por cr\u00edmenes de lesa humanidad. (Foto: Juan Vargas \/ NA)\"\/><\/figure>\n\n\n\n<p>En otro tramo, Fern\u00e1ndez se\u00f1al\u00f3: \u201cLa pandemia puso en evidencia el&nbsp;<strong>trastorno mental que la humanidad vivi\u00f3<\/strong>, no fue un caso argentino, fue universal. Es un tiempo donde se alteran los nervios porque todos nosotros somos sobrevivientes. Se llev\u00f3 10 millones de personas, y nosotros logramos escaparle a la muerte, pero la vimos caminar al lado nuestro\u201d.<\/p>\n\n\n\n<p>En la misma l\u00ednea, el jefe de Estado a\u00f1adi\u00f3: \u201cAs\u00ed se fue alterando nuestra seguridad y nuestra paz \u00edntima. Fuimos pensando que todo pod\u00eda ser ef\u00edmero\u201d. Y resalt\u00f3: \u201cAll\u00ed empez\u00f3 a darse un proceso que se vio en todo el mundo, el&nbsp;<strong>incremento de medicaci\u00f3n psiqui\u00e1trica<\/strong>\u201d.<\/p>\n\n\n\n<p>Por \u00faltimo, el Presidente sentenci\u00f3: \u201cEl deber que tenemos como sociedad, y como Gobierno, es sacarles esa sensaci\u00f3n de debilidad y de desprotecci\u00f3n que tienen, y&nbsp;<strong>devolverles seguridad, firmeza y confianza<\/strong>. Para que sean due\u00f1os de su libertad y puedan ejercerlo a pleno. Es una tarea que tenemos que asumir como comunidad\u201d.<\/p>\n","protected":false},"excerpt":{"rendered":"<p>Alberto Fern\u00e1ndez encabez\u00f3 el Primer Encuentro Nacional de Salud Mental en Tecn\u00f3polis y culp\u00f3 al Covid-19 de la situaci\u00f3n pol\u00edtica y electoral actual. En medio de la campa\u00f1a electoral, una&hellip; <\/p>\n","protected":false},"author":8,"featured_media":85674,"comment_status":"closed","ping_status":"open","sticky":false,"template":"","format":"standard","meta":{"footnotes":""},"categories":[10],"tags":[],"class_list":["post-85673","post","type-post","status-publish","format-standard","has-post-thumbnail","hentry","category-nacionales"],"_links":{"self":[{"href":"https:\/\/corrientesdetarde.com\/index.php\/wp-json\/wp\/v2\/posts\/85673","targetHints":{"allow":["GET"]}}],"collection":[{"href":"https:\/\/corrientesdetarde.com\/index.php\/wp-json\/wp\/v2\/posts"}],"about":[{"href":"https:\/\/corrientesdetarde.com\/index.php\/wp-json\/wp\/v2\/types\/post"}],"author":[{"embeddable":true,"href":"https:\/\/corrientesdetarde.com\/index.php\/wp-json\/wp\/v2\/users\/8"}],"replies":[{"embeddable":true,"href":"https:\/\/corrientesdetarde.com\/index.php\/wp-json\/wp\/v2\/comments?post=85673"}],"version-history":[{"count":1,"href":"https:\/\/corrientesdetarde.com\/index.php\/wp-json\/wp\/v2\/posts\/85673\/revisions"}],"predecessor-version":[{"id":85675,"href":"https:\/\/corrientesdetarde.com\/index.php\/wp-json\/wp\/v2\/posts\/85673\/revisions\/85675"}],"wp:featuredmedia":[{"embeddable":true,"href":"https:\/\/corrientesdetarde.com\/index.php\/wp-json\/wp\/v2\/media\/85674"}],"wp:attachment":[{"href":"https:\/\/corrientesdetarde.com\/index.php\/wp-json\/wp\/v2\/media?parent=85673"}],"wp:term":[{"taxonomy":"category","embeddable":true,"href":"https:\/\/corrientesdetarde.com\/index.php\/wp-json\/wp\/v2\/categories?post=85673"},{"taxonomy":"post_tag","embeddable":true,"href":"https:\/\/corrientesdetarde.com\/index.php\/wp-json\/wp\/v2\/tags?post=85673"}],"curies":[{"name":"wp","href":"https:\/\/api.w.org\/{rel}","templated":true}]}}