{"id":85680,"date":"2023-09-05T18:06:24","date_gmt":"2023-09-05T21:06:24","guid":{"rendered":"https:\/\/corrientesdetarde.com\/?p=85680"},"modified":"2023-09-05T18:06:28","modified_gmt":"2023-09-05T21:06:28","slug":"larreta-confirmo-que-las-pericias-contra-uno-de-los-detenidos-por-el-crimen-del-ingeniero-fueron-positivas","status":"publish","type":"post","link":"https:\/\/corrientesdetarde.com\/index.php\/crimen-y-justicia\/larreta-confirmo-que-las-pericias-contra-uno-de-los-detenidos-por-el-crimen-del-ingeniero-fueron-positivas\/","title":{"rendered":"Larreta confirm\u00f3 que las pericias contra uno de los detenidos por el crimen del ingeniero fueron positivas"},"content":{"rendered":"\n<p>El jefe del gobierno porte\u00f1o agradeci\u00f3 el trabajo que hizo la Polic\u00eda de la Ciudad para hallar a los presuntos responsables del asesinato de Mariano Barbieri.<\/p>\n\n\n\n<p><strong>Horacio Rodr\u00edguez Larreta<\/strong>\u00a0se expres\u00f3 a trav\u00e9s de sus redes sociales para contar detalles de la detencion de los dos sospechosos que estar\u00edan involucrados en el crimen de Mariano Barbieri, el ingeniero asesinado durante un asalto en Palermo.<\/p>\n\n\n\n<p>\u201cGracias al gran trabajo en conjunto de la Polic\u00eda de la Ciudad y la Justicia, podemos confirman que encontramos y detuvimos al presunto responsable del homicidio de Mariano. Las pericias ordenadas por la Justicia arrojaron resultados positivos\u201d, public\u00f3 en Twitter.<\/p>\n\n\n\n<p>\u201cS\u00e9 que esto no repara el dolor infinito, pero conf\u00edo en que devuelva un poco de justicia a la familia\u201d, a\u00f1adi\u00f3 Larreta, y confirm\u00f3 que el ministro Gustavo Coria, junto con el equipo de la Polic\u00eda, van a estar dando una conferencia de prensa para brindar detalles.<\/p>\n\n\n\n<h2 class=\"wp-block-heading\">Qui\u00e9nes son los detenidos por el crimen del ingeniero<\/h2>\n\n\n\n<p>Uno de los sospechosos fue identificado como&nbsp;<strong>Isa\u00edas Jos\u00e9 Su\u00e1rez<\/strong>, un hombre argentino de 29 a\u00f1os con<strong>&nbsp;antecedentes penales<\/strong>, y es el que est\u00e1 m\u00e1s complicado. De 2012 a la fecha, estuvo involucrado en 14 hechos y recibi\u00f3 4 condenas. Casi todas las detenciones fueron por robo y hurto.<\/p>\n\n\n\n<p>Al momento de ser arrestado ten\u00eda una vestimenta parecida a la del agresor que aparece en un video captado por una c\u00e1mara de seguridad. Entre su ropa,\u00a0<strong>una bufanda con manchas de sangre humana ser\u00e1 analizada. Las pruebas estar\u00e1n en 21 d\u00edas aproximadamente.<\/strong><\/p>\n\n\n\n<p>El sospechoso presenta&nbsp;<strong>dos escoriaciones lineales de unos cent\u00edmetros y de data reciente<\/strong>&nbsp;en el cuello, que se presume fueron producto de un forcejeo con Barbieri.<\/p>\n\n\n\n<p>Adem\u00e1s, seg\u00fan los investigadores, el hombre le habr\u00eda confesado a un grupo de amigos del Barrio 31:&nbsp;<strong>\u201cUno se me par\u00f3 de manos y le tuve que dar un puntazo\u201d.<\/strong><\/p>\n\n\n\n<figure class=\"wp-block-image\"><img decoding=\"async\" src=\"https:\/\/tn.com.ar\/resizer\/wFyTuAml-3-0S7mXcC1taQXc0XQ=\/767x0\/smart\/filters:format(webp)\/cloudfront-us-east-1.images.arcpublishing.com\/artear\/UWJVXWHZ3RFTZL5UJXG2SGYMMQ.png\" alt=\"Mariano Barbieri fue asesinado de una pu\u00f1alada en el pecho el mi\u00e9rcoles por la noche en Palermo. (Foto: Facebook \/ Gladys Noe)\"\/><\/figure>\n\n\n\n<p>Por otro lado, se determin\u00f3 que la\u00a0<strong>huella parcial encontrada en la hoja del cuchillo<\/strong>\u00a0no sirve porque no alcanza la cantidad de puntos de pericia para poder establecer una comparaci\u00f3n, indic\u00f3 el periodista Sebasti\u00e1n Domenech-<\/p>\n\n\n\n<p>El otro sospechoso es un ciudadano venezolano de 25 a\u00f1os. Ambos ser\u00e1n sometidos a una rueda de reconocimiento para ver si alguno es identificado por el \u00fanico testigo presencial del homicidio de Barbieri.<\/p>\n","protected":false},"excerpt":{"rendered":"<p>El jefe del gobierno porte\u00f1o agradeci\u00f3 el trabajo que hizo la Polic\u00eda de la Ciudad para hallar a los presuntos responsables del asesinato de Mariano Barbieri. Horacio Rodr\u00edguez Larreta\u00a0se expres\u00f3&hellip; <\/p>\n","protected":false},"author":8,"featured_media":85681,"comment_status":"closed","ping_status":"open","sticky":false,"template":"","format":"standard","meta":{"footnotes":""},"categories":[23,5],"tags":[],"class_list":["post-85680","post","type-post","status-publish","format-standard","has-post-thumbnail","hentry","category-actualidad","category-crimen-y-justicia"],"_links":{"self":[{"href":"https:\/\/corrientesdetarde.com\/index.php\/wp-json\/wp\/v2\/posts\/85680","targetHints":{"allow":["GET"]}}],"collection":[{"href":"https:\/\/corrientesdetarde.com\/index.php\/wp-json\/wp\/v2\/posts"}],"about":[{"href":"https:\/\/corrientesdetarde.com\/index.php\/wp-json\/wp\/v2\/types\/post"}],"author":[{"embeddable":true,"href":"https:\/\/corrientesdetarde.com\/index.php\/wp-json\/wp\/v2\/users\/8"}],"replies":[{"embeddable":true,"href":"https:\/\/corrientesdetarde.com\/index.php\/wp-json\/wp\/v2\/comments?post=85680"}],"version-history":[{"count":1,"href":"https:\/\/corrientesdetarde.com\/index.php\/wp-json\/wp\/v2\/posts\/85680\/revisions"}],"predecessor-version":[{"id":85682,"href":"https:\/\/corrientesdetarde.com\/index.php\/wp-json\/wp\/v2\/posts\/85680\/revisions\/85682"}],"wp:featuredmedia":[{"embeddable":true,"href":"https:\/\/corrientesdetarde.com\/index.php\/wp-json\/wp\/v2\/media\/85681"}],"wp:attachment":[{"href":"https:\/\/corrientesdetarde.com\/index.php\/wp-json\/wp\/v2\/media?parent=85680"}],"wp:term":[{"taxonomy":"category","embeddable":true,"href":"https:\/\/corrientesdetarde.com\/index.php\/wp-json\/wp\/v2\/categories?post=85680"},{"taxonomy":"post_tag","embeddable":true,"href":"https:\/\/corrientesdetarde.com\/index.php\/wp-json\/wp\/v2\/tags?post=85680"}],"curies":[{"name":"wp","href":"https:\/\/api.w.org\/{rel}","templated":true}]}}