{"id":85683,"date":"2023-09-05T18:38:01","date_gmt":"2023-09-05T21:38:01","guid":{"rendered":"https:\/\/corrientesdetarde.com\/?p=85683"},"modified":"2023-09-05T18:38:13","modified_gmt":"2023-09-05T21:38:13","slug":"fernandez-hablo-de-salud-mental-y-aludio-indirectamente-a-milei","status":"publish","type":"post","link":"https:\/\/corrientesdetarde.com\/index.php\/politica\/fernandez-hablo-de-salud-mental-y-aludio-indirectamente-a-milei\/","title":{"rendered":"Fern\u00e1ndez habl\u00f3 de salud mental y aludi\u00f3 indirectamente a Milei"},"content":{"rendered":"\n<p>(Juan Pablo Peralta, Casa de Gobierno) &#8211; Con sus ministros sin actividades p\u00fablicas, el presidente Alberto Fern\u00e1ndez encabez\u00f3 el Primer Encuentro Nacional de Salud Mental en Tecn\u00f3polis.<\/p>\n\n\n\n<figure class=\"wp-block-embed is-type-video is-provider-youtube wp-block-embed-youtube wp-embed-aspect-16-9 wp-has-aspect-ratio\"><div class=\"wp-block-embed__wrapper\">\n<iframe loading=\"lazy\" title=\"Alberto trato de loco a milei\" width=\"1110\" height=\"624\" src=\"https:\/\/www.youtube.com\/embed\/-9z6Bjvd92s?feature=oembed\" frameborder=\"0\" allow=\"accelerometer; autoplay; clipboard-write; encrypted-media; gyroscope; picture-in-picture; web-share\" allowfullscreen><\/iframe>\n<\/div><\/figure>\n\n\n\n<p>En ese contexto y de manera el\u00edptica aludi\u00f3 otra vez a Javier Milei, al referirse a los problemas mentales que gener\u00f3 la pandemia. En pocas horas el jefe de Estado empieza una gira internacional que lo llevar\u00e1 a India, Chile, Cuba y EEUU. Tal vez se sume China. Por su parte, Sergio Massa sigue su campa\u00f1a sin apoyos expl\u00edcitos de Cristina Kirchner. En ese contexto estuvo en Parque Norte, donde se mostr\u00f3 optimista y asegur\u00f3 que ya superamos la crisis.<\/p>\n","protected":false},"excerpt":{"rendered":"<p>(Juan Pablo Peralta, Casa de Gobierno) &#8211; Con sus ministros sin actividades p\u00fablicas, el presidente Alberto Fern\u00e1ndez encabez\u00f3 el Primer Encuentro Nacional de Salud Mental en Tecn\u00f3polis. En ese contexto&hellip; <\/p>\n","protected":false},"author":11,"featured_media":85684,"comment_status":"closed","ping_status":"open","sticky":false,"template":"","format":"standard","meta":{"footnotes":""},"categories":[3],"tags":[98,1051,336,1052],"class_list":["post-85683","post","type-post","status-publish","format-standard","has-post-thumbnail","hentry","category-politica","tag-fernandez","tag-loco","tag-milei","tag-tecnopolis"],"_links":{"self":[{"href":"https:\/\/corrientesdetarde.com\/index.php\/wp-json\/wp\/v2\/posts\/85683","targetHints":{"allow":["GET"]}}],"collection":[{"href":"https:\/\/corrientesdetarde.com\/index.php\/wp-json\/wp\/v2\/posts"}],"about":[{"href":"https:\/\/corrientesdetarde.com\/index.php\/wp-json\/wp\/v2\/types\/post"}],"author":[{"embeddable":true,"href":"https:\/\/corrientesdetarde.com\/index.php\/wp-json\/wp\/v2\/users\/11"}],"replies":[{"embeddable":true,"href":"https:\/\/corrientesdetarde.com\/index.php\/wp-json\/wp\/v2\/comments?post=85683"}],"version-history":[{"count":1,"href":"https:\/\/corrientesdetarde.com\/index.php\/wp-json\/wp\/v2\/posts\/85683\/revisions"}],"predecessor-version":[{"id":85685,"href":"https:\/\/corrientesdetarde.com\/index.php\/wp-json\/wp\/v2\/posts\/85683\/revisions\/85685"}],"wp:featuredmedia":[{"embeddable":true,"href":"https:\/\/corrientesdetarde.com\/index.php\/wp-json\/wp\/v2\/media\/85684"}],"wp:attachment":[{"href":"https:\/\/corrientesdetarde.com\/index.php\/wp-json\/wp\/v2\/media?parent=85683"}],"wp:term":[{"taxonomy":"category","embeddable":true,"href":"https:\/\/corrientesdetarde.com\/index.php\/wp-json\/wp\/v2\/categories?post=85683"},{"taxonomy":"post_tag","embeddable":true,"href":"https:\/\/corrientesdetarde.com\/index.php\/wp-json\/wp\/v2\/tags?post=85683"}],"curies":[{"name":"wp","href":"https:\/\/api.w.org\/{rel}","templated":true}]}}