{"id":85686,"date":"2023-09-05T18:51:03","date_gmt":"2023-09-05T21:51:03","guid":{"rendered":"https:\/\/corrientesdetarde.com\/?p=85686"},"modified":"2023-09-05T18:51:14","modified_gmt":"2023-09-05T21:51:14","slug":"el-gobierno-la-bancaria-y-autoridades-del-macro-acordaron-preservar-los-1-500-empleos-en-el-itau","status":"publish","type":"post","link":"https:\/\/corrientesdetarde.com\/index.php\/politica\/el-gobierno-la-bancaria-y-autoridades-del-macro-acordaron-preservar-los-1-500-empleos-en-el-itau\/","title":{"rendered":"EL GOBIERNO, LA BANCARIA Y AUTORIDADES DEL MACRO ACORDARON PRESERVAR LOS 1.500 EMPLEOS EN EL ITA\u00da"},"content":{"rendered":"\n<p>El ministro de Econom\u00eda y candidato presidencial por Uni\u00f3n por la Patria (UXP), Sergio Massa; su par de la cartera laboral, Raquel Olmos, y el titular de la Asociaci\u00f3n Bancaria (AB), Sergio Palazzo, acordaron hoy mantener los m\u00e1s de 1.500 puestos de trabajo durante todo 2024 en el Banco Ita\u00fa, recientemente adquirido por el Banco Macro.<\/p>\n\n\n\n<p>Seg\u00fan inform\u00f3 la cartera laboral, en ese encuentro de funcionarios, sindicalistas y empresarios del Macro &#8220;se pact\u00f3 el compromiso de mantener las fuentes de trabajo en el Banco Ita\u00fa para resguardar el inter\u00e9s y los derechos de los trabajadores durante 2024&#8221;.<\/p>\n\n\n\n<p>&#8220;Las partes convinieron la preservaci\u00f3n de la totalidad de los puestos laborales de los trabajadores del Ita\u00fa; el mantenimiento de los actuales salarios, la antig\u00fcedad, la jerarqu\u00eda y las categor\u00edas; el reconocimiento del convenio colectivo 18\/75; el acatamiento del decreto 2.289\/76 de la jornada laboral bancaria y la creaci\u00f3n de una mesa de trabajo para resolver los temas internos que puedan presentarse en el banco&#8221;, se\u00f1al\u00f3 el gremio.<\/p>\n\n\n\n<p>Un comunicado firmado por Palazzo sostuvo que el sindicato firm\u00f3 hoy &#8220;un acuerdo respecto del traspaso del paquete accionario del Ita\u00fa Argentina S.A. al Macro para ofrecer tranquilidad a los trabajadores&#8221;, y a\u00f1adi\u00f3 que las partes firmaron el compromiso teniendo en cuenta &#8220;la dif\u00edcil situaci\u00f3n y el contexto por el que atraviesa la Argentina&#8221;, afirm\u00f3.<\/p>\n\n\n\n<p>Palazzo agradeci\u00f3 las intervenciones de los ministros Massa y Olmos y la buena predisposici\u00f3n de los titulares del Macro y del Banco Central, Jorge Brito y Miguel Pesce, respectivamente .<\/p>\n\n\n\n<p>Palazzo se re\u00fane de forma peri\u00f3dica con directivos de las entidades financieras para que se preserven los puestos de trabajo, se respete el convenio colectivo laboral 18\/75 y tambi\u00e9n las condiciones de empleo y, la semana anterior, reclam\u00f3 entre otras cosas &#8220;la necesidad de que cesen los privilegios de que goza la empresa Mercado Libre&#8221;.<\/p>\n","protected":false},"excerpt":{"rendered":"<p>El ministro de Econom\u00eda y candidato presidencial por Uni\u00f3n por la Patria (UXP), Sergio Massa; su par de la cartera laboral, Raquel Olmos, y el titular de la Asociaci\u00f3n Bancaria&hellip; <\/p>\n","protected":false},"author":11,"featured_media":85687,"comment_status":"closed","ping_status":"open","sticky":false,"template":"","format":"standard","meta":{"footnotes":""},"categories":[20,3],"tags":[1053,1054,99,176,596],"class_list":["post-85686","post","type-post","status-publish","format-standard","has-post-thumbnail","hentry","category-economia","category-politica","tag-itau","tag-macro","tag-massa","tag-olmos","tag-palazzo"],"_links":{"self":[{"href":"https:\/\/corrientesdetarde.com\/index.php\/wp-json\/wp\/v2\/posts\/85686","targetHints":{"allow":["GET"]}}],"collection":[{"href":"https:\/\/corrientesdetarde.com\/index.php\/wp-json\/wp\/v2\/posts"}],"about":[{"href":"https:\/\/corrientesdetarde.com\/index.php\/wp-json\/wp\/v2\/types\/post"}],"author":[{"embeddable":true,"href":"https:\/\/corrientesdetarde.com\/index.php\/wp-json\/wp\/v2\/users\/11"}],"replies":[{"embeddable":true,"href":"https:\/\/corrientesdetarde.com\/index.php\/wp-json\/wp\/v2\/comments?post=85686"}],"version-history":[{"count":1,"href":"https:\/\/corrientesdetarde.com\/index.php\/wp-json\/wp\/v2\/posts\/85686\/revisions"}],"predecessor-version":[{"id":85688,"href":"https:\/\/corrientesdetarde.com\/index.php\/wp-json\/wp\/v2\/posts\/85686\/revisions\/85688"}],"wp:featuredmedia":[{"embeddable":true,"href":"https:\/\/corrientesdetarde.com\/index.php\/wp-json\/wp\/v2\/media\/85687"}],"wp:attachment":[{"href":"https:\/\/corrientesdetarde.com\/index.php\/wp-json\/wp\/v2\/media?parent=85686"}],"wp:term":[{"taxonomy":"category","embeddable":true,"href":"https:\/\/corrientesdetarde.com\/index.php\/wp-json\/wp\/v2\/categories?post=85686"},{"taxonomy":"post_tag","embeddable":true,"href":"https:\/\/corrientesdetarde.com\/index.php\/wp-json\/wp\/v2\/tags?post=85686"}],"curies":[{"name":"wp","href":"https:\/\/api.w.org\/{rel}","templated":true}]}}