{"id":85809,"date":"2023-09-06T09:27:14","date_gmt":"2023-09-06T12:27:14","guid":{"rendered":"https:\/\/corrientesdetarde.com\/?p=85809"},"modified":"2023-09-06T09:27:17","modified_gmt":"2023-09-06T12:27:17","slug":"estaba-con-su-madre-muerta-hace-una-semana-y-fue-denunciada-por-los-vecinos","status":"publish","type":"post","link":"https:\/\/corrientesdetarde.com\/index.php\/policiales\/estaba-con-su-madre-muerta-hace-una-semana-y-fue-denunciada-por-los-vecinos\/","title":{"rendered":"Estaba con su madre muerta hace una semana y fue denunciada por los vecinos"},"content":{"rendered":"\n<p>El hallazgo tuvo lugar el lunes por la tarde en un departamento, ubicado en inmediaciones de la calle San Lorenzo al 1800 aproximadamente, lugar donde esta mujer viv\u00eda con su hija, la cual padecer\u00eda problemas mentales.<\/p>\n\n\n\n<p>Posteriormente y efectuadas las diligencias de rigor en el lugar, se determin\u00f3 en principio y tras el primer examen m\u00e9dico que, el cuerpo datar\u00eda de un tiempo aproximado de muerte, de 7 d\u00edas y \u00a0 a fin de poder establecer fehacientemente las causales del deceso, se realizara la autopsia m\u00e9dico legal correspondiente, desconoci\u00e9ndose mas detalles y pormenores que rodearon a este lamentable hecho.<\/p>\n\n\n\n<p>Al respecto, se inici\u00f3 en una primera instancia y con intervenci\u00f3n de la autoridad judicial del caso, el legajo Judicial de oficio, por supuesta averiguaci\u00f3n de causal de muerte.<\/p>\n","protected":false},"excerpt":{"rendered":"<p>El hallazgo tuvo lugar el lunes por la tarde en un departamento, ubicado en inmediaciones de la calle San Lorenzo al 1800 aproximadamente, lugar donde esta mujer viv\u00eda con su&hellip; <\/p>\n","protected":false},"author":1,"featured_media":85819,"comment_status":"closed","ping_status":"open","sticky":false,"template":"","format":"standard","meta":{"footnotes":""},"categories":[33],"tags":[],"class_list":["post-85809","post","type-post","status-publish","format-standard","has-post-thumbnail","hentry","category-policiales"],"_links":{"self":[{"href":"https:\/\/corrientesdetarde.com\/index.php\/wp-json\/wp\/v2\/posts\/85809","targetHints":{"allow":["GET"]}}],"collection":[{"href":"https:\/\/corrientesdetarde.com\/index.php\/wp-json\/wp\/v2\/posts"}],"about":[{"href":"https:\/\/corrientesdetarde.com\/index.php\/wp-json\/wp\/v2\/types\/post"}],"author":[{"embeddable":true,"href":"https:\/\/corrientesdetarde.com\/index.php\/wp-json\/wp\/v2\/users\/1"}],"replies":[{"embeddable":true,"href":"https:\/\/corrientesdetarde.com\/index.php\/wp-json\/wp\/v2\/comments?post=85809"}],"version-history":[{"count":1,"href":"https:\/\/corrientesdetarde.com\/index.php\/wp-json\/wp\/v2\/posts\/85809\/revisions"}],"predecessor-version":[{"id":85820,"href":"https:\/\/corrientesdetarde.com\/index.php\/wp-json\/wp\/v2\/posts\/85809\/revisions\/85820"}],"wp:featuredmedia":[{"embeddable":true,"href":"https:\/\/corrientesdetarde.com\/index.php\/wp-json\/wp\/v2\/media\/85819"}],"wp:attachment":[{"href":"https:\/\/corrientesdetarde.com\/index.php\/wp-json\/wp\/v2\/media?parent=85809"}],"wp:term":[{"taxonomy":"category","embeddable":true,"href":"https:\/\/corrientesdetarde.com\/index.php\/wp-json\/wp\/v2\/categories?post=85809"},{"taxonomy":"post_tag","embeddable":true,"href":"https:\/\/corrientesdetarde.com\/index.php\/wp-json\/wp\/v2\/tags?post=85809"}],"curies":[{"name":"wp","href":"https:\/\/api.w.org\/{rel}","templated":true}]}}