{"id":85811,"date":"2023-09-06T09:15:38","date_gmt":"2023-09-06T12:15:38","guid":{"rendered":"https:\/\/corrientesdetarde.com\/?p=85811"},"modified":"2023-09-06T09:15:49","modified_gmt":"2023-09-06T12:15:49","slug":"tamara-baez-pidio-la-libertad-de-l-gante-lotocki-mato-y-esta-libre-elian-no-hizo-nada","status":"publish","type":"post","link":"https:\/\/corrientesdetarde.com\/index.php\/espectaculos\/tamara-baez-pidio-la-libertad-de-l-gante-lotocki-mato-y-esta-libre-elian-no-hizo-nada\/","title":{"rendered":"Tamara B\u00e1ez pidi\u00f3 la libertad de L-Gante: &#8220;Lotocki mat\u00f3 y est\u00e1 libre, Eli\u00e1n no hizo nada&#8221;"},"content":{"rendered":"\n<p>L-Gante fue arrestado el pasado 6 de junio y desde entonces su entorno pide por la libertad del cantante de cumbia 420. A casi tres meses de su detenci\u00f3n, T\u00e1mara B\u00e1ez \u2014ex pareja y madre de la hija del m\u00fasico\u2014 volvi\u00f3 a hacerse eco del tema y comparti\u00f3 un descargo en las historias de Instagram.&nbsp;<\/p>\n\n\n\n<p>La influencer hizo uso de la red social de la camarita para exigir la liberaci\u00f3n inmediata de su ex y sorprendi\u00f3 al comparar la situaci\u00f3n judicial con la de An\u00edbal Lotocki.&nbsp;<\/p>\n\n\n\n<p>&#8220;\u00a1Esta semana tiene que ser! Basta de cuentos y de hacerla larga. Liberen a Eli\u00e1n&#8221;, escribi\u00f3 la mam\u00e1 de Jamaica.<\/p>\n\n\n\n<p>En la misma publicaci\u00f3n, sum\u00f3: &#8220;Lotocki mat\u00f3 y est\u00e1 libre. Eli\u00e1n no hizo nada y hace tres meses lo tienen adentro&#8221;. &#8220;Un d\u00eda m\u00e1s ah\u00ed es un d\u00eda menos con su hija&#8221;, remat\u00f3 en referencia a la peque\u00f1a.<\/p>\n\n\n\n<p><strong>Callejero Fino pidi\u00f3 por L-Gante en el Bailando<\/strong><br>&nbsp;<br>El cantante se present\u00f3 en el programa de Marcelo Tinelli, que debut\u00f3 este lunes por Am\u00e9rica Tv y se solidariz\u00f3 con el referente de cumbia 420, quien contin\u00faa detenido.<\/p>\n\n\n\n<p>&#8220;Pronta libertad para todos los pibes buenos. Free L-Gante&#8221;, expres\u00f3.<\/p>\n","protected":false},"excerpt":{"rendered":"<p>L-Gante fue arrestado el pasado 6 de junio y desde entonces su entorno pide por la libertad del cantante de cumbia 420. A casi tres meses de su detenci\u00f3n, T\u00e1mara&hellip; <\/p>\n","protected":false},"author":1,"featured_media":85815,"comment_status":"closed","ping_status":"open","sticky":false,"template":"","format":"standard","meta":{"footnotes":""},"categories":[19],"tags":[],"class_list":["post-85811","post","type-post","status-publish","format-standard","has-post-thumbnail","hentry","category-espectaculos"],"_links":{"self":[{"href":"https:\/\/corrientesdetarde.com\/index.php\/wp-json\/wp\/v2\/posts\/85811","targetHints":{"allow":["GET"]}}],"collection":[{"href":"https:\/\/corrientesdetarde.com\/index.php\/wp-json\/wp\/v2\/posts"}],"about":[{"href":"https:\/\/corrientesdetarde.com\/index.php\/wp-json\/wp\/v2\/types\/post"}],"author":[{"embeddable":true,"href":"https:\/\/corrientesdetarde.com\/index.php\/wp-json\/wp\/v2\/users\/1"}],"replies":[{"embeddable":true,"href":"https:\/\/corrientesdetarde.com\/index.php\/wp-json\/wp\/v2\/comments?post=85811"}],"version-history":[{"count":1,"href":"https:\/\/corrientesdetarde.com\/index.php\/wp-json\/wp\/v2\/posts\/85811\/revisions"}],"predecessor-version":[{"id":85816,"href":"https:\/\/corrientesdetarde.com\/index.php\/wp-json\/wp\/v2\/posts\/85811\/revisions\/85816"}],"wp:featuredmedia":[{"embeddable":true,"href":"https:\/\/corrientesdetarde.com\/index.php\/wp-json\/wp\/v2\/media\/85815"}],"wp:attachment":[{"href":"https:\/\/corrientesdetarde.com\/index.php\/wp-json\/wp\/v2\/media?parent=85811"}],"wp:term":[{"taxonomy":"category","embeddable":true,"href":"https:\/\/corrientesdetarde.com\/index.php\/wp-json\/wp\/v2\/categories?post=85811"},{"taxonomy":"post_tag","embeddable":true,"href":"https:\/\/corrientesdetarde.com\/index.php\/wp-json\/wp\/v2\/tags?post=85811"}],"curies":[{"name":"wp","href":"https:\/\/api.w.org\/{rel}","templated":true}]}}