{"id":85829,"date":"2023-09-06T10:45:42","date_gmt":"2023-09-06T13:45:42","guid":{"rendered":"https:\/\/corrientesdetarde.com\/?p=85829"},"modified":"2023-09-06T10:45:54","modified_gmt":"2023-09-06T13:45:54","slug":"piden-colaboracion-para-costear-rehabilitacion-de-una-joven-que-sufrio-accidente-por-ruta-12","status":"publish","type":"post","link":"https:\/\/corrientesdetarde.com\/index.php\/sociales\/piden-colaboracion-para-costear-rehabilitacion-de-una-joven-que-sufrio-accidente-por-ruta-12\/","title":{"rendered":"Piden colaboraci\u00f3n para costear rehabilitaci\u00f3n de una joven que sufri\u00f3 accidente por Ruta 12"},"content":{"rendered":"\n<p>Ludmila estuvo internada en el Hospital Escuela donde fue intervenida por los da\u00f1os en su columna lo que le provoc\u00f3 una par\u00e1lisis grave.<\/p>\n\n\n\n<p>Actualmente se encuentra internada en una cl\u00ednica de rehabilitaci\u00f3n en la localidad de General Galarza, en Entre R\u00edos. El tratamiento le cuesta $1 mill\u00f3n por mes, y $250 mil en medicamentos.<\/p>\n\n\n\n<p>Cintia Girotto, mam\u00e1 de Ludmila expres\u00f3: &#8220;ella est\u00e1 bien, todo se basa en su rehabilitaci\u00f3n en un centro de rehabilitaci\u00f3n psicof\u00edsico y neurol\u00f3gico&#8221;.<\/p>\n\n\n\n<p>&#8220;Yo siempre ped\u00ed que me acompa\u00f1en en la oraci\u00f3n, el lugar donde est\u00e1 ahora es muy costoso, cuesta 250 mil pesos en medicaci\u00f3n y un mill\u00f3n todo el tratamiento&#8221;, precis\u00f3.<\/p>\n\n\n\n<p>Asimismo, Cintia, record\u00f3: &#8220;hace un mes le mande una carta al Gobernador pidiendo alg\u00fan subsidio para que me ayude a seguir con el tratamiento, pero a\u00fan no recib\u00ed respuestas&#8221;.<\/p>\n\n\n\n<figure class=\"wp-block-image\"><img decoding=\"async\" src=\"https:\/\/www.radiodos.com.ar\/content\/bucket\/8\/207508w770h1369c.jpg.webp\" alt=\"\"\/><\/figure>\n\n\n\n<p>De c\u00f3mo avanza Ludmila, la madre, describi\u00f3: &#8220;los m\u00e9dicos me dicen que todo depende de c\u00f3mo vaya evolucionando, mientras ella est\u00e9 estable va a ir avanzando, pero no hay un tiempo determinado y vamos festejando cada logro&#8221;; y detall\u00f3: &#8220;ya logr\u00f3 sentarse sola, y calzarse, fue algo muy lindo para ella, tras 4 meses ponerse zapatillas, adem\u00e1s de a poco empieza a comer sola&#8221;.<\/p>\n\n\n\n<p>Y se\u00f1al\u00f3: &#8220;del cami\u00f3n nunca supe nada, la verdad no pudimos conseguir m\u00e1s datos&#8221;.<\/p>\n\n\n\n<p>En ese mismo sentido, Cintia, remarc\u00f3: &#8220;no conoc\u00edamos el lugar, y la verdad que la tratan muy bien a mi hija, ella est\u00e1 muy a gusto ah\u00ed, el personal es muy amable y muy humano, la cuidan much\u00edsimo y me transmite mucha paz&#8221;.<\/p>\n\n\n\n<p>Por \u00faltimo, la mam\u00e1 de la joven curuzucuate\u00f1a, dijo: &#8220;el pap\u00e1 est\u00e1 haciendo una rifa, para empezar a recaudar dinero. Para cualquier persona que quiera colaborar con nosotros mi n\u00famero de celular es 3774- 635303&#8221;.<\/p>\n","protected":false},"excerpt":{"rendered":"<p>Ludmila estuvo internada en el Hospital Escuela donde fue intervenida por los da\u00f1os en su columna lo que le provoc\u00f3 una par\u00e1lisis grave. Actualmente se encuentra internada en una cl\u00ednica&hellip; <\/p>\n","protected":false},"author":1,"featured_media":85841,"comment_status":"closed","ping_status":"open","sticky":false,"template":"","format":"standard","meta":{"footnotes":""},"categories":[23,17],"tags":[],"class_list":["post-85829","post","type-post","status-publish","format-standard","has-post-thumbnail","hentry","category-actualidad","category-sociales"],"_links":{"self":[{"href":"https:\/\/corrientesdetarde.com\/index.php\/wp-json\/wp\/v2\/posts\/85829","targetHints":{"allow":["GET"]}}],"collection":[{"href":"https:\/\/corrientesdetarde.com\/index.php\/wp-json\/wp\/v2\/posts"}],"about":[{"href":"https:\/\/corrientesdetarde.com\/index.php\/wp-json\/wp\/v2\/types\/post"}],"author":[{"embeddable":true,"href":"https:\/\/corrientesdetarde.com\/index.php\/wp-json\/wp\/v2\/users\/1"}],"replies":[{"embeddable":true,"href":"https:\/\/corrientesdetarde.com\/index.php\/wp-json\/wp\/v2\/comments?post=85829"}],"version-history":[{"count":1,"href":"https:\/\/corrientesdetarde.com\/index.php\/wp-json\/wp\/v2\/posts\/85829\/revisions"}],"predecessor-version":[{"id":85842,"href":"https:\/\/corrientesdetarde.com\/index.php\/wp-json\/wp\/v2\/posts\/85829\/revisions\/85842"}],"wp:featuredmedia":[{"embeddable":true,"href":"https:\/\/corrientesdetarde.com\/index.php\/wp-json\/wp\/v2\/media\/85841"}],"wp:attachment":[{"href":"https:\/\/corrientesdetarde.com\/index.php\/wp-json\/wp\/v2\/media?parent=85829"}],"wp:term":[{"taxonomy":"category","embeddable":true,"href":"https:\/\/corrientesdetarde.com\/index.php\/wp-json\/wp\/v2\/categories?post=85829"},{"taxonomy":"post_tag","embeddable":true,"href":"https:\/\/corrientesdetarde.com\/index.php\/wp-json\/wp\/v2\/tags?post=85829"}],"curies":[{"name":"wp","href":"https:\/\/api.w.org\/{rel}","templated":true}]}}