{"id":85838,"date":"2023-09-06T10:50:34","date_gmt":"2023-09-06T13:50:34","guid":{"rendered":"https:\/\/corrientesdetarde.com\/?p=85838"},"modified":"2023-09-06T10:50:39","modified_gmt":"2023-09-06T13:50:39","slug":"la-municipalidad-lanza-un-concurso-para-ongsque-promueven-la-tenencia-responsable","status":"publish","type":"post","link":"https:\/\/corrientesdetarde.com\/index.php\/sociales\/la-municipalidad-lanza-un-concurso-para-ongsque-promueven-la-tenencia-responsable\/","title":{"rendered":"<strong>La Municipalidad lanza un concurso para ONGs<br>que promueven la tenencia responsable<\/strong>"},"content":{"rendered":"\n<p><em>Se premiar\u00e1 a las organizaciones que trabajan en el cuidado y protecci\u00f3n de animales en la capital correntina. Por ello, con la presentaci\u00f3n de un proyecto viable, podr\u00e1n acceder a importantes premios en efectivo. El periodo de inscripci\u00f3n se extiende hasta el 29 de septiembre de&nbsp;&nbsp;2023.<\/em><\/p>\n\n\n\n<p>El Municipio de la ciudad de Corrientes, a trav\u00e9s de la Secretar\u00eda de Coordinaci\u00f3n de Gobierno,\u00a0inicia un concurso para reconocer el trabajo de organizaciones de la sociedad civil locales dedicadas a promover la tenencia responsable de los animales dom\u00e9sticos.<br><br>El concurso estar\u00e1 destinado a que distintas organizaciones civiles o fundaciones presenten proyectos con impacto socio-comunitario que impliquen la intervenci\u00f3n en una zona o barrio de la ciudad, que se relacione con el eje: Tenencia responsable de Animales Dom\u00e9sticos. Tienen tiempo de hacerlo hasta el 29 de septiembre.<br><br>Sobre la iniciativa, Sonia Dolenec, directora general de Innovaci\u00f3n P\u00fablica y Gobierno Abierto municipal coment\u00f3: \u201cDesde el municipio, siempre buscamos ayudar y que sea una ciudad m\u00e1s amigable para todos los habitantes de la ciudad, eso incluye a nuestras mascotas. Por ello queremos premiar a aquellas organizaciones civiles que trabajan en pos de eso, con sensibilizaci\u00f3n en los barrios, que se dediquen a rescatar animales en peligro, entre otras acciones\u201d.<br><br>De esta manera, la iniciativa invita a participar a organizaciones sin fines de lucro: esto incluye, asociaciones civiles con personer\u00eda jur\u00eddica (o en formaci\u00f3n), fundaci\u00f3n con personer\u00eda jur\u00eddica (o en formaci\u00f3n) o grupo de personas con un a\u00f1o de trabajo comprobable.<\/p>\n\n\n\n<figure class=\"wp-block-image size-full\"><img loading=\"lazy\" decoding=\"async\" width=\"848\" height=\"565\" src=\"https:\/\/corrientesdetarde.com\/wp-content\/uploads\/2023\/09\/image-102.png\" alt=\"\" class=\"wp-image-85845\" srcset=\"https:\/\/corrientesdetarde.com\/wp-content\/uploads\/2023\/09\/image-102.png 848w, https:\/\/corrientesdetarde.com\/wp-content\/uploads\/2023\/09\/image-102-300x200.png 300w, https:\/\/corrientesdetarde.com\/wp-content\/uploads\/2023\/09\/image-102-768x512.png 768w\" sizes=\"auto, (max-width: 848px) 100vw, 848px\" \/><\/figure>\n\n\n\n<p><br><br>\u201cLa idea es potenciar justamente y felicitar a aquellas que ya trabajan en pos del cuidado y respeto de nuestros animales. Hay un jurado id\u00f3neo que va a evaluar qui\u00e9nes son las m\u00e1s compatibles con el proyecto y hay importantes premios de dinero en efectivo para que puedan potenciar su trabajo, mejorar y decidir en qu\u00e9 destinar este dinero que entendemos que es de mucha ayuda por todo el trabajo que hacen; son grupos de personas que muchas veces lo hacen de coraz\u00f3n, lo hacen sin un acompa\u00f1amiento monetario\u201d.<br><br>Cabe enfatizar que la finalidad del Municipio es propiciar una ciudad que tienda al bienestar y la convivencia de los ciudadanos, y teniendo en cuenta que existen varias organizaciones y\u00a0grupo de personas que se encargan de rescatar y dar refugio a los animales que se encuentran en una situaci\u00f3n de peligro: por ello, se quiere reconocer y premiar la entrega, constancia, trabajo e ideas implementadas por los mismos.<br><br>Por su parte, la directora general de Promoci\u00f3n de Derecho y Bienestar Animal del municipio, Sandra Olivera, destac\u00f3 esta iniciativa municipal como una posibilidad de acompa\u00f1ar a todas aquellas personas, ONGs y fundaciones que llevan adelante d\u00eda a d\u00eda este trabajo, no solo rescatar animales y darle una segunda oportunidad, sino tambi\u00e9n concientizar d\u00eda a d\u00eda a los tenedores que han decidido ingresar un animal en su vivienda.<br><br>\u201cLa Municipalidad, desde hace un tiempo viene trabajando en este sentido, en crear una ciudad cada vez m\u00e1s amigable, no solo estamos pensando en las personas, sino tambi\u00e9n en todos aquellos que cohabitamos dentro de una ciudad y los animales son parte; entonces, premiar esto que vienen haciendo con una ayuda econ\u00f3mica es muy importante porque muchas veces, \u00a0todas estas personas lo hacen con su dinero y destinando tiempo y energ\u00eda a cuidar a nuestros animalitos\u201d, indic\u00f3 la Directora general de Promoci\u00f3n de Derecho y Bienestar Animal.<\/p>\n\n\n\n<figure class=\"wp-block-image size-large\"><img loading=\"lazy\" decoding=\"async\" width=\"1024\" height=\"682\" src=\"https:\/\/corrientesdetarde.com\/wp-content\/uploads\/2023\/09\/image-101-1024x682.png\" alt=\"\" class=\"wp-image-85843\" srcset=\"https:\/\/corrientesdetarde.com\/wp-content\/uploads\/2023\/09\/image-101-1024x682.png 1024w, https:\/\/corrientesdetarde.com\/wp-content\/uploads\/2023\/09\/image-101-300x200.png 300w, https:\/\/corrientesdetarde.com\/wp-content\/uploads\/2023\/09\/image-101-768x512.png 768w, https:\/\/corrientesdetarde.com\/wp-content\/uploads\/2023\/09\/image-101.png 1280w\" sizes=\"auto, (max-width: 1024px) 100vw, 1024px\" \/><\/figure>\n\n\n\n<p><br><br>PREMIOS<br><br>Se premiar\u00e1n a tres (3) ONGs seleccionadas por un jurado:<br><br>Primer puesto: $250.000 (Doscientos cincuenta mil pesos argentinos)<br><br>Segundo Puesto: $200.000 (Doscientos mil pesos argentinos)<br><br>Tercer Puesto, $150.000 (Ciento cincuenta mil pesos argentinos)<br><br>La inscripci\u00f3n al concurso se har\u00e1 \u00fanicamente mediante el siguiente formulario:\u00a0\u00a0<a rel=\"noreferrer noopener\" href=\"https:\/\/ciudaddecorrientes.us12.list-manage.com\/track\/click?u=253e4bcff71216c6af771c3c9&amp;id=6a29c548a0&amp;e=17643edfa8\" target=\"_blank\">https:\/\/bit.ly\/Inscripcion-Concurso-ONGs2023\u00a0\u00a0<\/a><br><br>Encontr\u00e1 las bases y objetivos del concurso en:\u00a0<a rel=\"noreferrer noopener\" href=\"https:\/\/ciudaddecorrientes.us12.list-manage.com\/track\/click?u=253e4bcff71216c6af771c3c9&amp;id=2d4d3b01a4&amp;e=17643edfa8\" target=\"_blank\">https:\/\/docs.google.com\/document\/d\/1LL4dK5QGtVWCbd-g1AJex3qIx_SUhy0w4WOfxsHUo6k\/edit?usp=sharing\u00a0\u00a0\u00a0\u00a0<\/a><br><br>Para participar en el concurso, toda ONG tendr\u00e1 que estar registrada o podr\u00e1 registrarse al momento de inscribirse en el \u201cRegistro Municipal de ONGs\u201d\u00a0<a rel=\"noreferrer noopener\" href=\"https:\/\/ciudaddecorrientes.us12.list-manage.com\/track\/click?u=253e4bcff71216c6af771c3c9&amp;id=a5a1a9b093&amp;e=17643edfa8\" target=\"_blank\">https:\/\/forms.gle\/shhHhdCACC4qGbWB9<\/a><br><br>Para consultar si se encuentra registrada pueden ingresar a:\u00a0<a rel=\"noreferrer noopener\" href=\"https:\/\/ciudaddecorrientes.us12.list-manage.com\/track\/click?u=253e4bcff71216c6af771c3c9&amp;id=792bdf6556&amp;e=17643edfa8\" target=\"_blank\">http:\/\/bit.ly\/ONGsRegistradasMCC\u00a0\u00a0<\/a>\u00a0\u00a0<br><br>En caso de tener alguna duda respecto a las bases o campos a completar, pueden contactarse al siguiente correo:\u00a0<a rel=\"noreferrer noopener\" href=\"mailto:malvinavictoriac@gmail.com\" target=\"_blank\">malvinavictoriac@gmail.com<\/a>\u00a0o\u00a0<a rel=\"noreferrer noopener\" href=\"mailto:dginnovacionygobiernoabierto@ciudaddecorrientes.gov.ar\" target=\"_blank\">dginnovacionygobiernoabierto@ciudaddecorrientes.gov.ar<\/a><\/p>\n\n\n\n<figure class=\"wp-block-embed is-type-video is-provider-youtube wp-block-embed-youtube wp-embed-aspect-16-9 wp-has-aspect-ratio\"><div class=\"wp-block-embed__wrapper\">\n<iframe loading=\"lazy\" title=\"La Municipalidad lanza un concurso para ONGs que se dediquen a la tenencia responsable\" width=\"1110\" height=\"624\" src=\"https:\/\/www.youtube.com\/embed\/9XeWiWZr-W0?feature=oembed\" frameborder=\"0\" allow=\"accelerometer; autoplay; clipboard-write; encrypted-media; gyroscope; picture-in-picture; web-share\" allowfullscreen><\/iframe>\n<\/div><\/figure>\n","protected":false},"excerpt":{"rendered":"<p>Se premiar\u00e1 a las organizaciones que trabajan en el cuidado y protecci\u00f3n de animales en la capital correntina. Por ello, con la presentaci\u00f3n de un proyecto viable, podr\u00e1n acceder a&hellip; <\/p>\n","protected":false},"author":1,"featured_media":85844,"comment_status":"closed","ping_status":"open","sticky":false,"template":"","format":"standard","meta":{"footnotes":""},"categories":[23,17],"tags":[],"class_list":["post-85838","post","type-post","status-publish","format-standard","has-post-thumbnail","hentry","category-actualidad","category-sociales"],"_links":{"self":[{"href":"https:\/\/corrientesdetarde.com\/index.php\/wp-json\/wp\/v2\/posts\/85838","targetHints":{"allow":["GET"]}}],"collection":[{"href":"https:\/\/corrientesdetarde.com\/index.php\/wp-json\/wp\/v2\/posts"}],"about":[{"href":"https:\/\/corrientesdetarde.com\/index.php\/wp-json\/wp\/v2\/types\/post"}],"author":[{"embeddable":true,"href":"https:\/\/corrientesdetarde.com\/index.php\/wp-json\/wp\/v2\/users\/1"}],"replies":[{"embeddable":true,"href":"https:\/\/corrientesdetarde.com\/index.php\/wp-json\/wp\/v2\/comments?post=85838"}],"version-history":[{"count":1,"href":"https:\/\/corrientesdetarde.com\/index.php\/wp-json\/wp\/v2\/posts\/85838\/revisions"}],"predecessor-version":[{"id":85846,"href":"https:\/\/corrientesdetarde.com\/index.php\/wp-json\/wp\/v2\/posts\/85838\/revisions\/85846"}],"wp:featuredmedia":[{"embeddable":true,"href":"https:\/\/corrientesdetarde.com\/index.php\/wp-json\/wp\/v2\/media\/85844"}],"wp:attachment":[{"href":"https:\/\/corrientesdetarde.com\/index.php\/wp-json\/wp\/v2\/media?parent=85838"}],"wp:term":[{"taxonomy":"category","embeddable":true,"href":"https:\/\/corrientesdetarde.com\/index.php\/wp-json\/wp\/v2\/categories?post=85838"},{"taxonomy":"post_tag","embeddable":true,"href":"https:\/\/corrientesdetarde.com\/index.php\/wp-json\/wp\/v2\/tags?post=85838"}],"curies":[{"name":"wp","href":"https:\/\/api.w.org\/{rel}","templated":true}]}}