{"id":85847,"date":"2023-09-06T10:59:19","date_gmt":"2023-09-06T13:59:19","guid":{"rendered":"https:\/\/corrientesdetarde.com\/?p=85847"},"modified":"2023-09-06T10:59:31","modified_gmt":"2023-09-06T13:59:31","slug":"el-superior-tribunal-de-rio-negro-analizo-un-emoji-para-llegar-a-un-fallo-en-una-causa-laboral","status":"publish","type":"post","link":"https:\/\/corrientesdetarde.com\/index.php\/informacion-general\/el-superior-tribunal-de-rio-negro-analizo-un-emoji-para-llegar-a-un-fallo-en-una-causa-laboral\/","title":{"rendered":"El Superior Tribunal de R\u00edo Negro analiz\u00f3 un &#8220;emoji&#8221; para llegar a un fallo en una causa laboral"},"content":{"rendered":"\n<p>El Superior Tribunal de Justicia de la provincia de R\u00edo Negro, integrado por Ricardo Apcarian, Mar\u00eda Cecilia Criado, Sergio M. Barotto, Sergio G. Ceci y Liliana Laura Piccinini, emiti\u00f3 un fallo que establece que el uso de &#8220;emojis&#8221; en las comunicaciones digitales es &#8220;muy limitado o relativo&#8221; y debe complementarse con otros medios de prueba.<\/p>\n\n\n\n<p><br>Esta determinaci\u00f3n se produce despu\u00e9s de que un empleado planteara que sus ausencias en el trabajo estaban justificadas debido a una respuesta de la empresa que consisti\u00f3 en el cl\u00e1sico emotic\u00f3n del &#8220;pulgar hacia arriba&#8221; en la plataforma de WhatsApp.<\/p>\n\n\n\n<p>&nbsp;<br>Como resultado de las pruebas presentadas, el tribunal permiti\u00f3 que la empresa procediera con el despido del empleado, quien acumul\u00f3 un total de nueve inasistencias a sus jornadas laborales. Adem\u00e1s, los jueces resolvieron que el uso de emojis no constituye &#8220;un signo inequ\u00edvoco de manifestaci\u00f3n de voluntad&#8221;.<\/p>\n\n\n\n<p>Seg\u00fan inform\u00f3 T\u00e9lam, el empleado despedido ten\u00eda un historial de 47 sanciones previas y numerosas faltas injustificadas y, antes de que se intentara rescindir su contrato laboral, el empleado se ausent\u00f3 durante nueve d\u00edas en el mismo mes y, posteriormente, intent\u00f3 justificar esas faltas comunic\u00e1ndose a trav\u00e9s de un tel\u00e9fono corporativo de la empresa. Frente a esto, recibi\u00f3 la respuesta en forma de un emoji de &#8220;pulgar hacia arriba&#8221; de la plataforma de mensajer\u00eda de WhatsApp.<\/p>\n\n\n\n<p>La empresa inici\u00f3 un proceso de exclusi\u00f3n de tutela sindical como paso previo al despido. En una etapa anterior, la C\u00e1mara Laboral de Viedma hab\u00eda rechazado la demanda y considerado que la sanci\u00f3n era desproporcionada, al entender que el empleado hab\u00eda recibido conformidad por parte de la empresa a trav\u00e9s del emoji en cuesti\u00f3n.<\/p>\n\n\n\n<p>Sin embargo, el fallo fue revisado por el STJ, que analiz\u00f3 en profundidad el alcance de los emoticones o emojis.<\/p>\n\n\n\n<p>El tribunal concluy\u00f3 que la interpretaci\u00f3n de estos s\u00edmbolos puede fluctuar seg\u00fan el contexto y la percepci\u00f3n del receptor. Esta decisi\u00f3n se basa en el reconocimiento de que la interpretaci\u00f3n de los emojis es altamente subjetiva y variable, raz\u00f3n por la cual los jueces resaltaron la necesidad de contar con evidencia adicional s\u00f3lida en casos judiciales.<\/p>\n\n\n\n<p>Y en un intento por proporcionar un paralelo con el mundo f\u00edsico, los jueces trazaron una comparaci\u00f3n con el uso del sello en las mesas de entrada en el \u00e1mbito legal. De esta manera, argumentaron que, al presentar una notificaci\u00f3n de este tipo, no ser\u00eda aceptable que se asuma que el sello de recepci\u00f3n de la documentaci\u00f3n implica una conformidad con el contenido de la misma. Por el contrario, sirve solamente como constancia de que se ha recibido la documentaci\u00f3n en un momento determinado, de acuerdo con la informaci\u00f3n del medio local Diario de R\u00edo Negro.<\/p>\n\n\n\n<p>As\u00ed, reiteraron que el emotic\u00f3n garantizaba la recepci\u00f3n del mensaje, por lo que no pod\u00eda interpretarse como una aprobaci\u00f3n o conformidad con la comunicaci\u00f3n recibida.<\/p>\n\n\n\n<p>Es de destacar que el gesto del pulgar hacia arriba, con su significado dual de aprobaci\u00f3n y agradecimiento, se convirti\u00f3 en un s\u00edmbolo universal en la comunicaci\u00f3n digital y aunque Facebook fue la plataforma que lo populariz\u00f3, su historia tiene ra\u00edces m\u00e1s profundas y est\u00e1 marcada por giros y evoluciones a lo largo del tiempo.<\/p>\n\n\n\n<p>La historia de este emoji se remonta a \u00e9pocas antiguas, seg\u00fan la leyenda, en la que el emperador romano lo utilizaba como un gesto para determinar el destino de los gladiadores en la arena y este simple gesto bidimensional se ha convertido en una representaci\u00f3n ic\u00f3nica en la era digital, trascendiendo fronteras y culturas.<\/p>\n\n\n\n<p>A pesar de su aparente simplicidad, el emoji de &#8220;pulgar arriba&#8221; evolucion\u00f3 y adquiri\u00f3 un profundo significado en la comunicaci\u00f3n contempor\u00e1nea.<\/p>\n","protected":false},"excerpt":{"rendered":"<p>El Superior Tribunal de Justicia de la provincia de R\u00edo Negro, integrado por Ricardo Apcarian, Mar\u00eda Cecilia Criado, Sergio M. Barotto, Sergio G. Ceci y Liliana Laura Piccinini, emiti\u00f3 un&hellip; <\/p>\n","protected":false},"author":1,"featured_media":85848,"comment_status":"closed","ping_status":"open","sticky":false,"template":"","format":"standard","meta":{"footnotes":""},"categories":[1],"tags":[],"class_list":["post-85847","post","type-post","status-publish","format-standard","has-post-thumbnail","hentry","category-informacion-general"],"_links":{"self":[{"href":"https:\/\/corrientesdetarde.com\/index.php\/wp-json\/wp\/v2\/posts\/85847","targetHints":{"allow":["GET"]}}],"collection":[{"href":"https:\/\/corrientesdetarde.com\/index.php\/wp-json\/wp\/v2\/posts"}],"about":[{"href":"https:\/\/corrientesdetarde.com\/index.php\/wp-json\/wp\/v2\/types\/post"}],"author":[{"embeddable":true,"href":"https:\/\/corrientesdetarde.com\/index.php\/wp-json\/wp\/v2\/users\/1"}],"replies":[{"embeddable":true,"href":"https:\/\/corrientesdetarde.com\/index.php\/wp-json\/wp\/v2\/comments?post=85847"}],"version-history":[{"count":1,"href":"https:\/\/corrientesdetarde.com\/index.php\/wp-json\/wp\/v2\/posts\/85847\/revisions"}],"predecessor-version":[{"id":85849,"href":"https:\/\/corrientesdetarde.com\/index.php\/wp-json\/wp\/v2\/posts\/85847\/revisions\/85849"}],"wp:featuredmedia":[{"embeddable":true,"href":"https:\/\/corrientesdetarde.com\/index.php\/wp-json\/wp\/v2\/media\/85848"}],"wp:attachment":[{"href":"https:\/\/corrientesdetarde.com\/index.php\/wp-json\/wp\/v2\/media?parent=85847"}],"wp:term":[{"taxonomy":"category","embeddable":true,"href":"https:\/\/corrientesdetarde.com\/index.php\/wp-json\/wp\/v2\/categories?post=85847"},{"taxonomy":"post_tag","embeddable":true,"href":"https:\/\/corrientesdetarde.com\/index.php\/wp-json\/wp\/v2\/tags?post=85847"}],"curies":[{"name":"wp","href":"https:\/\/api.w.org\/{rel}","templated":true}]}}