{"id":85850,"date":"2023-09-06T11:04:20","date_gmt":"2023-09-06T14:04:20","guid":{"rendered":"https:\/\/corrientesdetarde.com\/?p=85850"},"modified":"2023-09-06T11:04:53","modified_gmt":"2023-09-06T14:04:53","slug":"el-loco-gatti-tendra-su-estatua-en-la-bombonera","status":"publish","type":"post","link":"https:\/\/corrientesdetarde.com\/index.php\/deportes\/el-loco-gatti-tendra-su-estatua-en-la-bombonera\/","title":{"rendered":"EL LOCO GATTI TENDRA SU ESTATUA EN LA BOMBONERA"},"content":{"rendered":"\n<p>Hugo Orlando Gatti, \u00eddolo boquense y figura excluyente en la primera Copa Libertadores que obtuvo el club en 1977, recibir\u00e1 un emotivo homenaje este jueves cuando se inaugure una estatua en su honor en el hall de ingreso a La Bombonera.<\/p>\n\n\n\n<p>El reconocimiento al &#8220;Loco&#8221; se realizar\u00e1 en el hall principal del estadio Alberto J. Armando a partir de las 18.30, en el ingreso de Brandsen 805, en La Boca, con la presencia de socios, con entrada libre y gratuita, y aquellos no socios tambi\u00e9n que hayan reservado su lugar a trav\u00e9s de un link que ya agot\u00f3 sus reservas.<br>La fecha elegida es hist\u00f3rica ya que el 7 de septiembre se conmemora el 46to. aniversario la primera Copa Libertadores ganada por Boca en 1977, cuando venci\u00f3 a Cruzeiro de Brasil en el Estadio Centenario de Montevideo.<br>En esa definici\u00f3n, Gatti se convirti\u00f3 en h\u00e9roe al desviarle el tiro desde el punto penal a Vanderley, acci\u00f3n que defini\u00f3 el rumbo del certamen continental en una noche fr\u00eda y neblinosa.<br>Gatti, de 79 a\u00f1os y que reparte su d\u00eda viviendo en Buenos Aires y Madrid, jug\u00f3 en Boca Juniors entre 1976 y 1988, lapso en el cual sum\u00f3 seis t\u00edtulos: Torneo Metropolitano 1976 y 1977, Torneo Nacional 1976, Copa Libertadores 1977 y 1978, y Copa Intercontinental 1977.<br>Con la inauguraci\u00f3n de su estatua, Gatti se convertir\u00e1 en el 12do. \u00eddolo boquense inmortalizado en La Bombonera. Los otros son: Diego Armando Maradona, Toto Lorenzo, Antonio Rattin, Carlos Bianchi, Silvio Marzolini, Rub\u00e9n Su\u00f1\u00e9, \u00c1ngel Clemente Rojas, Juan Rom\u00e1n Riquelme, Mart\u00edn Palermo, Guillermo Barros Schelotto y Roberto Mouzo.<br>Gatti, nacido en la localidad bonaerense de Carlos Tejedor, disput\u00f3 417 partidos en Boca, tras jugar en Atlanta, River, Gimnasia y Uni\u00f3n de Santa Fe.<\/p>\n","protected":false},"excerpt":{"rendered":"<p>Hugo Orlando Gatti, \u00eddolo boquense y figura excluyente en la primera Copa Libertadores que obtuvo el club en 1977, recibir\u00e1 un emotivo homenaje este jueves cuando se inaugure una estatua&hellip; <\/p>\n","protected":false},"author":11,"featured_media":85851,"comment_status":"closed","ping_status":"open","sticky":false,"template":"","format":"standard","meta":{"footnotes":""},"categories":[4],"tags":[],"class_list":["post-85850","post","type-post","status-publish","format-standard","has-post-thumbnail","hentry","category-deportes"],"_links":{"self":[{"href":"https:\/\/corrientesdetarde.com\/index.php\/wp-json\/wp\/v2\/posts\/85850","targetHints":{"allow":["GET"]}}],"collection":[{"href":"https:\/\/corrientesdetarde.com\/index.php\/wp-json\/wp\/v2\/posts"}],"about":[{"href":"https:\/\/corrientesdetarde.com\/index.php\/wp-json\/wp\/v2\/types\/post"}],"author":[{"embeddable":true,"href":"https:\/\/corrientesdetarde.com\/index.php\/wp-json\/wp\/v2\/users\/11"}],"replies":[{"embeddable":true,"href":"https:\/\/corrientesdetarde.com\/index.php\/wp-json\/wp\/v2\/comments?post=85850"}],"version-history":[{"count":1,"href":"https:\/\/corrientesdetarde.com\/index.php\/wp-json\/wp\/v2\/posts\/85850\/revisions"}],"predecessor-version":[{"id":85852,"href":"https:\/\/corrientesdetarde.com\/index.php\/wp-json\/wp\/v2\/posts\/85850\/revisions\/85852"}],"wp:featuredmedia":[{"embeddable":true,"href":"https:\/\/corrientesdetarde.com\/index.php\/wp-json\/wp\/v2\/media\/85851"}],"wp:attachment":[{"href":"https:\/\/corrientesdetarde.com\/index.php\/wp-json\/wp\/v2\/media?parent=85850"}],"wp:term":[{"taxonomy":"category","embeddable":true,"href":"https:\/\/corrientesdetarde.com\/index.php\/wp-json\/wp\/v2\/categories?post=85850"},{"taxonomy":"post_tag","embeddable":true,"href":"https:\/\/corrientesdetarde.com\/index.php\/wp-json\/wp\/v2\/tags?post=85850"}],"curies":[{"name":"wp","href":"https:\/\/api.w.org\/{rel}","templated":true}]}}