{"id":85853,"date":"2023-09-06T11:17:12","date_gmt":"2023-09-06T14:17:12","guid":{"rendered":"https:\/\/corrientesdetarde.com\/?p=85853"},"modified":"2023-09-06T11:17:24","modified_gmt":"2023-09-06T14:17:24","slug":"el-gobierno-de-india-busca-cambiar-su-nombre-por-bharat-los-motivos","status":"publish","type":"post","link":"https:\/\/corrientesdetarde.com\/index.php\/informacion-general\/el-gobierno-de-india-busca-cambiar-su-nombre-por-bharat-los-motivos\/","title":{"rendered":"El gobierno de India busca cambiar su nombre por &#8220;Bharat&#8221;: los motivos"},"content":{"rendered":"\n<p><strong><br>India<\/strong>\u00a0busca cambiar su nombre por &#8220;<strong>Bharat<\/strong>&#8221; para\u00a0<strong>dejar atr\u00e1s la denominaci\u00f3n que le impuso el Reino Unido durante su colonizaci\u00f3n<\/strong>. Los rumores de que el pa\u00eds asi\u00e1tico podr\u00eda ser\u00a0<strong>rebautizado<\/strong>\u00a0empezaron tras el env\u00edo de invitaciones a la\u00a0<strong>cumbre de Nueva Delhi\u00a0<\/strong>a los jefes de Estado y ministros del G20, donde\u00a0<strong>Droupadi Murmu\u00a0<\/strong>firmaba como &#8220;<strong>presidenta de Bharat<\/strong>&#8220;.<\/p>\n\n\n\n<p><strong>Bharat&nbsp;<\/strong>es una de las dos denominaciones oficiales del pa\u00eds, seg\u00fan la Constituci\u00f3n india, y&nbsp;<strong>se remonta a los antiguos textos hind\u00faes escritos en s\u00e1nscrito<\/strong>. El cambio de nombre es una demanda del Partido Bharatiya Janata (BJP) -gobernante-, cuyos miembros vienen realizando una&nbsp;<strong>campa\u00f1a contra el uso de la denominaci\u00f3n inglesa.&nbsp;<\/strong>Inclusoel primer ministro, Narendra Modi, suele referirse a la India como Bharat.&nbsp;<\/p>\n\n\n\n<p>Seg\u00fan dijeron fuentes gubernamentales an\u00f3nimas al canal de televisi\u00f3n News18, los diputados del BJP&nbsp;<strong>podr\u00edan presentar una resoluci\u00f3n para dar preeminencia al uso oficial de&nbsp;<\/strong>&#8220;<strong>Bharat<\/strong>&#8221;&nbsp;<strong>en una sesi\u00f3n extraordinaria del Parlamento en septiembre.<\/strong><\/p>\n\n\n\n<figure class=\"wp-block-image\"><img decoding=\"async\" src=\"https:\/\/images.pagina12.com.ar\/styles\/width960\/public\/2023-09\/764841-whatsapp-20image-202023-09-05-20at-2016-00-01.jpeg?itok=05pvpKkj\" alt=\"\"\/><figcaption>Droupadi Murmu firm\u00f3 &#8220;presidenta de Bharat&#8221; invitaciones a una cena del G20.<\/figcaption><\/figure>\n\n\n\n<p>En diciembre pasado, Mitesh Patel, diputado del BJP, plante\u00f3 el cambio de nombre en el Lok Sabha -la c\u00e1mara baja del Parlamento- para que pase a llamarse \u201c<strong>Bharat<\/strong>\u201d o \u201c<strong>Bharatvarsh<\/strong>\u201d,afirmando que&nbsp;<strong>&#8220;India&#8221; significa la &#8220;esclavitud a la que fue sometido el pa\u00eds&#8221;<\/strong>, ya que fue el nombre que le dio la Compa\u00f1\u00eda Brit\u00e1nica de las Indias Orientales.<\/p>\n\n\n\n<p>Sin embargo, otras voces reclaman seguir usando los dos nombres.&nbsp;<strong>Shashi Tharoor<\/strong>, responsable de la oposici\u00f3n, sostuvo: &#8220;Si bien no existe ninguna objeci\u00f3n constitucional a llamar a la India &#8220;Bharat&#8221;, que es uno de los dos nombres oficiales del pa\u00eds,&nbsp;<strong>espero que el gobierno no sea tan tonto como para prescindir por completo de &#8220;India&#8221;, que tiene un valor de marca incalculable acumulado a lo largo de siglos<\/strong>. Deber\u00edamos seguir utilizando ambas palabras en lugar de renunciar a nuestro derecho a un nombre que recuerda a la historia, un nombre reconocido en todo el mundo&#8221;.<\/p>\n\n\n\n<figure class=\"wp-block-image\"><img decoding=\"async\" src=\"https:\/\/images.pagina12.com.ar\/styles\/width960\/public\/2023-09\/764841-india_0.JPG?itok=jpfDLBei\" alt=\"\"\/><\/figure>\n\n\n\n<h2 class=\"wp-block-heading\">Otros pa\u00edses que cambiaron sus nombres<\/h2>\n\n\n\n<p>El de India no es el \u00fanico caso. En junio de 2022, Naciones Unidas (ONU) acept\u00f3 el&nbsp;<strong>cambio de nombre de Turqu\u00eda a nivel internacional<\/strong>. Para evitar que se la confunda con la palabra \u201cturkey\u201d en ingl\u00e9s, que significa \u201cpavo\u201d,<strong>&nbsp;el pa\u00eds pas\u00f3 a llamarse &#8220;T\u00fcrkiye&#8221;<\/strong>, su nombre en turco.<\/p>\n\n\n\n<figure class=\"wp-block-image\"><img decoding=\"async\" src=\"https:\/\/images.pagina12.com.ar\/styles\/width960\/public\/2023-09\/764841-549147-turquia-afp_0.jpg?itok=ypUKrYRp\" alt=\"\"\/><\/figure>\n\n\n\n<p><strong>Pa\u00edses Bajos<\/strong>&nbsp;es la traducci\u00f3n al espa\u00f1ol de Nederland, que viene del neerland\u00e9s &#8220;Neder-landen&#8221;, que significa &#8220;tierras bajas&#8221;. Se llama as\u00ed desde 2020, cuando el gobierno decidi\u00f3&nbsp;<strong>eliminar el nombre \u201cHolanda\u201d<\/strong>, con el que se conoc\u00eda anteriormente.<\/p>\n\n\n\n<p>En 2016,&nbsp;<strong>Rep\u00fablica Checa cambi\u00f3 oficialmente de nombre para pasar a llamarse &#8220;Chequia&#8221;<\/strong>. Las autoridades hab\u00edan argumentado que el nombre anterior era demasiado largo para hacer referencia a su marca e identidad. A pesar del cambio, los ciudadanos no lo compartieron y muy poca gente adopt\u00f3 el nuevo nombre.<\/p>\n","protected":false},"excerpt":{"rendered":"<p>India\u00a0busca cambiar su nombre por &#8220;Bharat&#8221; para\u00a0dejar atr\u00e1s la denominaci\u00f3n que le impuso el Reino Unido durante su colonizaci\u00f3n. Los rumores de que el pa\u00eds asi\u00e1tico podr\u00eda ser\u00a0rebautizado\u00a0empezaron tras el&hellip; <\/p>\n","protected":false},"author":1,"featured_media":85854,"comment_status":"closed","ping_status":"open","sticky":false,"template":"","format":"standard","meta":{"footnotes":""},"categories":[1],"tags":[],"class_list":["post-85853","post","type-post","status-publish","format-standard","has-post-thumbnail","hentry","category-informacion-general"],"_links":{"self":[{"href":"https:\/\/corrientesdetarde.com\/index.php\/wp-json\/wp\/v2\/posts\/85853","targetHints":{"allow":["GET"]}}],"collection":[{"href":"https:\/\/corrientesdetarde.com\/index.php\/wp-json\/wp\/v2\/posts"}],"about":[{"href":"https:\/\/corrientesdetarde.com\/index.php\/wp-json\/wp\/v2\/types\/post"}],"author":[{"embeddable":true,"href":"https:\/\/corrientesdetarde.com\/index.php\/wp-json\/wp\/v2\/users\/1"}],"replies":[{"embeddable":true,"href":"https:\/\/corrientesdetarde.com\/index.php\/wp-json\/wp\/v2\/comments?post=85853"}],"version-history":[{"count":1,"href":"https:\/\/corrientesdetarde.com\/index.php\/wp-json\/wp\/v2\/posts\/85853\/revisions"}],"predecessor-version":[{"id":85855,"href":"https:\/\/corrientesdetarde.com\/index.php\/wp-json\/wp\/v2\/posts\/85853\/revisions\/85855"}],"wp:featuredmedia":[{"embeddable":true,"href":"https:\/\/corrientesdetarde.com\/index.php\/wp-json\/wp\/v2\/media\/85854"}],"wp:attachment":[{"href":"https:\/\/corrientesdetarde.com\/index.php\/wp-json\/wp\/v2\/media?parent=85853"}],"wp:term":[{"taxonomy":"category","embeddable":true,"href":"https:\/\/corrientesdetarde.com\/index.php\/wp-json\/wp\/v2\/categories?post=85853"},{"taxonomy":"post_tag","embeddable":true,"href":"https:\/\/corrientesdetarde.com\/index.php\/wp-json\/wp\/v2\/tags?post=85853"}],"curies":[{"name":"wp","href":"https:\/\/api.w.org\/{rel}","templated":true}]}}