{"id":85861,"date":"2023-09-06T12:27:03","date_gmt":"2023-09-06T15:27:03","guid":{"rendered":"https:\/\/corrientesdetarde.com\/?p=85861"},"modified":"2023-09-06T21:19:45","modified_gmt":"2023-09-07T00:19:45","slug":"bullrich-tiene-problemas-para-garantizar-la-lealtad-de-referentes-de-su-propio-espacio","status":"publish","type":"post","link":"https:\/\/corrientesdetarde.com\/index.php\/politica\/bullrich-tiene-problemas-para-garantizar-la-lealtad-de-referentes-de-su-propio-espacio\/","title":{"rendered":"BULLRICH TIENE PROBLEMAS PARA GARANTIZAR LA LEALTAD DE REFERENTES DE SU PROPIO ESPACIO"},"content":{"rendered":"\n<p>(Corresponsal\u00eda Buenos Aires) Despu\u00e9s de la dura interna que desarrollaron los precandidatos a presidente de Juntos por el Cambio, Patricia Bullrich y Horacio Rodr\u00edguez Larreta, el panorama para las pr\u00f3ximas presidenciales en ese espacio no estar\u00eda del todo claro.<\/p>\n\n\n\n<p>La candidata victoriosa, Bullrich, estar\u00eda enfrentando una progresiva disgregaci\u00f3n de su frente de apoyos, que se acentu\u00f3 en estos d\u00edas. Su cruce verbal con Mauricio Macri no es la nota m\u00e1s destacada de este proceso, sino que tambi\u00e9n se habla de la fuga de apoyos hacia Javier Milei de algunos precandidatos a los que ella apoy\u00f3 enf\u00e1ticamente.<br>El caso m\u00e1s significativo es el de Maximiliano Pullaro, en Santa Fe, a quien ella si bien ella no acompa\u00f1\u00f3 activamente en la campa\u00f1a previa a las PASO, parec\u00eda haber logrado su apoyo tras la foto de \u201cunidad\u201d luego de la definici\u00f3n de la interna provincial de JxC que Pullaro protagoniz\u00f3 ante la bullrichista Carolina Losada. Pero no fue as\u00ed.<br>Esta semana Pullaro asegur\u00f3 que, frente a un eventual balotaje, su voto ir\u00eda por el candidato de La Libertad Avanza. No es el \u00fanico nubarr\u00f3n que se asoma en el horizonte de Patricia Bullrich en el interior del pa\u00eds. Varios gobernadores de origen radical o de filiaci\u00f3n radical que resultaron victoriosos tambi\u00e9n empiezan a despegarse de la presidenta del PRO en uso de licencia por la campa\u00f1a, y evitan sacarse fotos con ella o le restan apoyo en esta etapa clave antes de las Presidenciales<br>Esto indicar\u00eda que le han ido soltando progresivamente la mano. En provincia de Buenos Aires, uno de los distritos de m\u00e1s peso a la hora de decidir una elecci\u00f3n por su gran cantidad de electores, Bullrich tambi\u00e9n estar\u00eda teniendo problemas (o fugas de apoyos, para ser m\u00e1s espec\u00edficos).<br>Varios intendentes de Juntos por el Cambio que resultaron favorecidos en las PASO estar\u00edan acercando posiciones con el actual gobernador bonaerense, Axel Kicillof, aun cuando el precandidato bullrichista a gobernador, N\u00e9stor Grindetti, result\u00f3 victorioso.<br>Tambi\u00e9n se habl\u00f3 en estos d\u00edas de que el expresidente Mauricio Macri, mentor del espacio que hoy dirige Patricia Bullrich, se habr\u00eda volcado a la b\u00fasqueda de alianzas con referentes del peronismo para la constituci\u00f3n de un nuevo espacio -en la hip\u00f3tesis de m\u00e1xima- o de una nueva vertiente dentro de Juntos por el Cambio que abrevar\u00eda en estos sectores m\u00e1s identificados con el peronismo.<br>Macri tambi\u00e9n hab\u00eda expresado, en m\u00e1s de una oportunidad, su simpat\u00eda con los postulados de Javier Milei. Con lo cual cada d\u00eda se hace m\u00e1s ostensible que la candidata a presidente de Juntos por el Cambio pierde apoyo no ya en el electorado independiente, sino dentro de sus propias filas, algo que no pudo revertir ni la definici\u00f3n de Carlos Melconian como su eventual ministro de Econom\u00eda.<\/p>\n","protected":false},"excerpt":{"rendered":"<p>(Corresponsal\u00eda Buenos Aires) Despu\u00e9s de la dura interna que desarrollaron los precandidatos a presidente de Juntos por el Cambio, Patricia Bullrich y Horacio Rodr\u00edguez Larreta, el panorama para las pr\u00f3ximas&hellip; <\/p>\n","protected":false},"author":11,"featured_media":85862,"comment_status":"closed","ping_status":"open","sticky":false,"template":"","format":"standard","meta":{"footnotes":""},"categories":[3],"tags":[83,1055],"class_list":["post-85861","post","type-post","status-publish","format-standard","has-post-thumbnail","hentry","category-politica","tag-bullrich","tag-lealtad"],"_links":{"self":[{"href":"https:\/\/corrientesdetarde.com\/index.php\/wp-json\/wp\/v2\/posts\/85861","targetHints":{"allow":["GET"]}}],"collection":[{"href":"https:\/\/corrientesdetarde.com\/index.php\/wp-json\/wp\/v2\/posts"}],"about":[{"href":"https:\/\/corrientesdetarde.com\/index.php\/wp-json\/wp\/v2\/types\/post"}],"author":[{"embeddable":true,"href":"https:\/\/corrientesdetarde.com\/index.php\/wp-json\/wp\/v2\/users\/11"}],"replies":[{"embeddable":true,"href":"https:\/\/corrientesdetarde.com\/index.php\/wp-json\/wp\/v2\/comments?post=85861"}],"version-history":[{"count":1,"href":"https:\/\/corrientesdetarde.com\/index.php\/wp-json\/wp\/v2\/posts\/85861\/revisions"}],"predecessor-version":[{"id":85863,"href":"https:\/\/corrientesdetarde.com\/index.php\/wp-json\/wp\/v2\/posts\/85861\/revisions\/85863"}],"wp:featuredmedia":[{"embeddable":true,"href":"https:\/\/corrientesdetarde.com\/index.php\/wp-json\/wp\/v2\/media\/85862"}],"wp:attachment":[{"href":"https:\/\/corrientesdetarde.com\/index.php\/wp-json\/wp\/v2\/media?parent=85861"}],"wp:term":[{"taxonomy":"category","embeddable":true,"href":"https:\/\/corrientesdetarde.com\/index.php\/wp-json\/wp\/v2\/categories?post=85861"},{"taxonomy":"post_tag","embeddable":true,"href":"https:\/\/corrientesdetarde.com\/index.php\/wp-json\/wp\/v2\/tags?post=85861"}],"curies":[{"name":"wp","href":"https:\/\/api.w.org\/{rel}","templated":true}]}}