{"id":85864,"date":"2023-09-06T14:54:35","date_gmt":"2023-09-06T17:54:35","guid":{"rendered":"https:\/\/corrientesdetarde.com\/?p=85864"},"modified":"2023-09-06T14:54:39","modified_gmt":"2023-09-06T17:54:39","slug":"tassano-ratifico-metas-del-programa-de-reciclado-que-ya-recolecto-mas-de-30-mil-kilos-de-material-en-el-ano","status":"publish","type":"post","link":"https:\/\/corrientesdetarde.com\/index.php\/medio-ambiente\/tassano-ratifico-metas-del-programa-de-reciclado-que-ya-recolecto-mas-de-30-mil-kilos-de-material-en-el-ano\/","title":{"rendered":"Tassano ratific\u00f3 metas del programa de reciclado que ya recolect\u00f3 m\u00e1s de 30 mil kilos de material en el a\u00f1o"},"content":{"rendered":"\n<p>\u201cLa tarea es ardua, pero seguiremos nuestra lucha contra el cambio clim\u00e1tico\u201d, se\u00f1al\u00f3 el intendente al referirse al programa \u201cReciclando Juntos\u201d que ejecuta el Municipio con un marcado crecimiento constante. \u201cDesde el primer d\u00eda hablamos de una ciudad sustentable\u201d, record\u00f3 y se\u00f1al\u00f3: \u201cCon estas tareas tambi\u00e9n avanzamos en fomentar la econom\u00eda circular, como otro polo econ\u00f3mico de la ciudad que genere puestos de trabajos\u201d.<\/p>\n\n\n\n<p>En el inicio de septiembre, un mes con dos fechas importantes en materia de concientizaci\u00f3n ambiental, como el D\u00eda Mundial de la Salud Ambiental (el 26) y el D\u00eda de la Conciencia Ambiental (el 27), el intendente Eduardo Tassano se refiri\u00f3 a las acciones que lleva adelante su gesti\u00f3n en material de reciclaje, como una acci\u00f3n concreta en la materia.<br>\u201cDesde el primer d\u00eda hablamos de una ciudad sustentable\u201d, subray\u00f3 Tassano al ratificar las metas del programa \u201cReciclando Juntos\u201d, que contempla el reciclado de basura, la recolecci\u00f3n diferenciada de residuos, la implementaci\u00f3n de puntos verdes (hasta ahora totalizan 14 m\u00f3dulos donde los vecinos pueden depositar residuos por separados), entre otras acciones que se enmarcan en la lucha contra el cambio clim\u00e1tico.<br>A la vez, resalt\u00f3 el compromiso de hacer de Corrientes una ciudad sustentable, estrat\u00e9gica cuesti\u00f3n que configura uno de los ejes de su gesti\u00f3n.<br>En este marco, la meta general de \u201cReciclando Juntos\u201d es promover la toma de conciencia sobre la importancia de dar un tratamiento correcto a los desechos domiciliarios. El programa consta de cuatro etapas: realizar un diagn\u00f3stico ambiental para poder identificar la cantidad de basura que se genera y la localizaci\u00f3n de los basurales; generar conciencia a trav\u00e9s de un equipo de promotores ambientales que trabajaron junto con la Fundaci\u00f3n \u201cManos Verdes\u201d.<br>Tambi\u00e9n se implementa la recolecci\u00f3n diferenciada domiciliaria, que alcanza a los barrios Libertad, La Rosada, Centro, La Cruz, Camb\u00e1 Cu\u00e1, Ferr\u00e9 y Deportes.<br>El recorrido se hace con unidades de traslado especialmente adaptadas para tal fin y con un itinerario dispuesto dentro de las cuatro avenidas. Y se lleva adelante los d\u00edas martes y viernes desde las 14. Adem\u00e1s, se implementa los domingos, desde las 9, en el barrio Juan de Vera.<br>Por \u00faltimo, en articulaci\u00f3n con distintas fundaciones y cooperativas de reciclado, el Municipio entrega lo producido para que las entidades puedan comercializarlo.<br>De esta manera, y seg\u00fan registros preliminares y estimativos de la Secretar\u00eda de Ambiente y Desarrollo Sustentable de la Municipalidad, en lo que va del a\u00f1o ya se lleva juntado m\u00e1s de 30 mil kilos de material reciclable.<\/p>\n\n\n\n<p>MITIGAR EL CAMBIO CLIM\u00c1TICO<br>Por su parte, el intendente destac\u00f3 la importancia del programa \u201cReciclando Juntos\u201d en la ciudad y explic\u00f3 en principio: \u201cTenemos varias l\u00edneas para su cumplimiento, como la recolecci\u00f3n diferenciada, los puntos verdes y la diferenciaci\u00f3n de residuos a partir de la labor de entidades que tengan mobiliario adecuado para hacerlo\u201d.<br>En este sentido sostuvo que \u201cla separaci\u00f3n de cart\u00f3n, pl\u00e1stico y vidrio es una tarea que venimos difundiendo y seguiremos trabajando junto con las cooperativas y entidades que se ocupan de ello\u201d.<br>Asimismo, Tassano se\u00f1al\u00f3 \u201ccon el reciclado apuntamos a generar productos para la reutilizaci\u00f3n y as\u00ed mantener nuestra lucha contra el cambio clim\u00e1tico y la generaci\u00f3n de gases de efecto invernadero\u201d.<br>Tambi\u00e9n dio cuenta que desde la Municipalidad vienen ampliando las tareas de recolecci\u00f3n diferenciada en los barrios y a la vez, se implementaron 14 puntos verdes en diversos lugares de la ciudad.<br>\u201cCon estas tareas tambi\u00e9n avanzamos en fomentar la econom\u00eda circular pensando en establecer en la ciudad un polo econ\u00f3mico que pueda generar nuevos puestos de trabajos para los correntinos\u201d, indic\u00f3 el intendente.<br>Luego record\u00f3 que \u201cdesde el primer d\u00eda hablamos de una ciudad sustentable y en poco tiempo nos convertimos, a nivel pa\u00eds, en una ciudad que lucha contra el cambio clim\u00e1tico, siendo tambi\u00e9n parte del Pacto Global de Alcaldes por el Clima y la Energ\u00eda\u201d.<br>\u201cSabemos que es una tarea ardua, pero vamos a seguir adelante porque el mundo est\u00e1 sufriendo los efectos del cambio clim\u00e1tico\u201d, resalt\u00f3 Tassano.<br>Finalmente, insisti\u00f3 con el compromiso central: \u201cSeguiremos trabajando para ser una ciudad que lucha contra el cambio clim\u00e1tico\u201d.<\/p>\n\n\n\n<p>TRABAJO AMBIENTAL<br>Por su parte, el secretario de Ambiente y Desarrollo Sustentable, Ignacio Maldonado Yonna habl\u00f3 de las acciones de reciclado que realizan y asegur\u00f3: \u201cTodos los meses tenemos un aumento en los registros de la recolecci\u00f3n diferenciada\u201d.<br>En este sentido adelant\u00f3 que en lo que va del a\u00f1o \u201csuperamos los 30 mil kilos de materiales en recolecci\u00f3n y en los \u00faltimos tres meses contamos con una medici\u00f3n m\u00e1s precisa que nos permite conocer el tipo de materiales que m\u00e1s se reciclan\u201d, dijo y entre ellos mencion\u00f3 vidrio, cart\u00f3n, pl\u00e1stico y aluminio.<br>Luego, adelant\u00f3 que en los pr\u00f3ximos meses \u201cinstauraremos nuevos puntos verdes, que ser\u00e1n al menos cinco m\u00e1s, lo cual nos permitir\u00e1n expandir la zona de cobertura\u201d.<br>Maldonado Yonna tambi\u00e9n hizo referencia al trabajo que se viene realizando en la recolecci\u00f3n diferenciada, puerta a puerta, en viviendas c\u00e9ntricas ubicadas dentro de las cuatro avenidas. \u201cTambi\u00e9n sumamos acciones al trabajar con instituciones que est\u00e1n dentro de ese cuadrante y para que puedan aprovechar de este sistema\u201d, resalt\u00f3.<br>En esa l\u00ednea destac\u00f3 adem\u00e1s la articulaci\u00f3n de acciones con escuelas ubicadas cerca de los puntos verdes con el objetivo de \u201cque haya una sinergia en cada una de las instituciones\u201d.<br>Tras destacar la labor de las cooperativas en la clasificaci\u00f3n de los materiales para la reutilizaci\u00f3n, el funcionario finalmente record\u00f3 que tambi\u00e9n se cuenta con puntos verdes m\u00f3viles que llegan a sitios y eventos estrat\u00e9gicos para acentuar la concientizaci\u00f3n ambiental.<\/p>\n\n\n\n<figure class=\"wp-block-embed is-type-video is-provider-youtube wp-block-embed-youtube wp-embed-aspect-16-9 wp-has-aspect-ratio\"><div class=\"wp-block-embed__wrapper\">\n<iframe loading=\"lazy\" title=\"Tassano ratific\u00f3 metas del programa de reciclado que ya junt\u00f3 m\u00e1s de 30 mil kilos en el a\u00f1o\" width=\"1110\" height=\"624\" src=\"https:\/\/www.youtube.com\/embed\/DXdwYqOvm3I?feature=oembed\" frameborder=\"0\" allow=\"accelerometer; autoplay; clipboard-write; encrypted-media; gyroscope; picture-in-picture; web-share\" allowfullscreen><\/iframe>\n<\/div><\/figure>\n\n\n\n<figure class=\"wp-block-image size-large\"><img loading=\"lazy\" decoding=\"async\" width=\"1024\" height=\"683\" src=\"https:\/\/corrientesdetarde.com\/wp-content\/uploads\/2023\/09\/image-106-1024x683.png\" alt=\"\" class=\"wp-image-85868\" srcset=\"https:\/\/corrientesdetarde.com\/wp-content\/uploads\/2023\/09\/image-106-1024x683.png 1024w, https:\/\/corrientesdetarde.com\/wp-content\/uploads\/2023\/09\/image-106-300x200.png 300w, https:\/\/corrientesdetarde.com\/wp-content\/uploads\/2023\/09\/image-106-768x512.png 768w, https:\/\/corrientesdetarde.com\/wp-content\/uploads\/2023\/09\/image-106.png 1296w\" sizes=\"auto, (max-width: 1024px) 100vw, 1024px\" \/><\/figure>\n\n\n\n<figure class=\"wp-block-image size-large\"><img loading=\"lazy\" decoding=\"async\" width=\"1024\" height=\"683\" src=\"https:\/\/corrientesdetarde.com\/wp-content\/uploads\/2023\/09\/image-107-1024x683.png\" alt=\"\" class=\"wp-image-85869\" srcset=\"https:\/\/corrientesdetarde.com\/wp-content\/uploads\/2023\/09\/image-107-1024x683.png 1024w, https:\/\/corrientesdetarde.com\/wp-content\/uploads\/2023\/09\/image-107-300x200.png 300w, https:\/\/corrientesdetarde.com\/wp-content\/uploads\/2023\/09\/image-107-768x512.png 768w, https:\/\/corrientesdetarde.com\/wp-content\/uploads\/2023\/09\/image-107.png 1296w\" sizes=\"auto, (max-width: 1024px) 100vw, 1024px\" \/><\/figure>\n","protected":false},"excerpt":{"rendered":"<p>\u201cLa tarea es ardua, pero seguiremos nuestra lucha contra el cambio clim\u00e1tico\u201d, se\u00f1al\u00f3 el intendente al referirse al programa \u201cReciclando Juntos\u201d que ejecuta el Municipio con un marcado crecimiento constante.&hellip; <\/p>\n","protected":false},"author":8,"featured_media":85866,"comment_status":"closed","ping_status":"open","sticky":false,"template":"","format":"standard","meta":{"footnotes":""},"categories":[6],"tags":[],"class_list":["post-85864","post","type-post","status-publish","format-standard","has-post-thumbnail","hentry","category-medio-ambiente"],"_links":{"self":[{"href":"https:\/\/corrientesdetarde.com\/index.php\/wp-json\/wp\/v2\/posts\/85864","targetHints":{"allow":["GET"]}}],"collection":[{"href":"https:\/\/corrientesdetarde.com\/index.php\/wp-json\/wp\/v2\/posts"}],"about":[{"href":"https:\/\/corrientesdetarde.com\/index.php\/wp-json\/wp\/v2\/types\/post"}],"author":[{"embeddable":true,"href":"https:\/\/corrientesdetarde.com\/index.php\/wp-json\/wp\/v2\/users\/8"}],"replies":[{"embeddable":true,"href":"https:\/\/corrientesdetarde.com\/index.php\/wp-json\/wp\/v2\/comments?post=85864"}],"version-history":[{"count":1,"href":"https:\/\/corrientesdetarde.com\/index.php\/wp-json\/wp\/v2\/posts\/85864\/revisions"}],"predecessor-version":[{"id":85870,"href":"https:\/\/corrientesdetarde.com\/index.php\/wp-json\/wp\/v2\/posts\/85864\/revisions\/85870"}],"wp:featuredmedia":[{"embeddable":true,"href":"https:\/\/corrientesdetarde.com\/index.php\/wp-json\/wp\/v2\/media\/85866"}],"wp:attachment":[{"href":"https:\/\/corrientesdetarde.com\/index.php\/wp-json\/wp\/v2\/media?parent=85864"}],"wp:term":[{"taxonomy":"category","embeddable":true,"href":"https:\/\/corrientesdetarde.com\/index.php\/wp-json\/wp\/v2\/categories?post=85864"},{"taxonomy":"post_tag","embeddable":true,"href":"https:\/\/corrientesdetarde.com\/index.php\/wp-json\/wp\/v2\/tags?post=85864"}],"curies":[{"name":"wp","href":"https:\/\/api.w.org\/{rel}","templated":true}]}}