{"id":85876,"date":"2023-09-06T14:57:58","date_gmt":"2023-09-06T17:57:58","guid":{"rendered":"https:\/\/corrientesdetarde.com\/?p=85876"},"modified":"2023-09-06T14:57:59","modified_gmt":"2023-09-06T17:57:59","slug":"salud-publica-mantiene-la-vigilancia-activa-y-recuerda-las-medidas-de-prevencion","status":"publish","type":"post","link":"https:\/\/corrientesdetarde.com\/index.php\/bienestar-y-salud\/salud-publica-mantiene-la-vigilancia-activa-y-recuerda-las-medidas-de-prevencion\/","title":{"rendered":"Salud P\u00fablica mantiene la vigilancia activa y recuerda las medidas de prevenci\u00f3n"},"content":{"rendered":"\n<p><em>Se recomienda completar vacunas, teniendo en cuenta que quienes hayan recibido su \u00faltima dosis contra el Covid-19 con un intervalo de 6 meses o m\u00e1s, deben concurrir a las vacunatorios, independientemente del n\u00famero de aplicaciones con las que cuenten. Y mantener el correcto lavado de manos o higiene con el uso de alcohol en gel, ventilaci\u00f3n de ambientes y el uso del barbijo para quienes tienen s\u00edntomas respiratorios.<\/em><\/p>\n\n\n\n<p>El Ministerio de Salud P\u00fablica de la Provincia, a trav\u00e9s del equipo de la Direcci\u00f3n General de Epidemiolog\u00eda, mantiene la vigilancia epidemiol\u00f3gica por Covid-19 y recuerda las medidas de prevenci\u00f3n.<\/p>\n\n\n\n<p>\u201cEs importante estar atentos a la informaci\u00f3n oficial en relaci\u00f3n a como se va moviendo la circulaci\u00f3n del virus SARS-CoV-2\u201d, dijo la directora General de Epidemiolog\u00eda,&nbsp;Angelina Bobadilla. En relaci\u00f3n a la viralizaci\u00f3n en redes sociales y por Whatsapp de mensajes que sugieren la presencia de una variante m\u00e1s mortal y dif\u00edcil de detectar, se aclara que es informaci\u00f3n falsa y se recuerda que los datos referentes a vigilancia de virus respiratorios se publican de manera semanal en el bolet\u00edn epidemiol\u00f3gico nacional.<\/p>\n\n\n\n<p>La funcionaria explic\u00f3: \u00abpor indicaci\u00f3n del Ministro Ricardo Cardozo,&nbsp;se mantiene todas las alarmas de vigilancia, que nunca se dejaron de hacer, pero se sensibiliza a\u00fan m\u00e1s con los casos que ingresan a las consultas, internaciones y evoluci\u00f3n de los pacientes con patolog\u00edas respiratorias\u00bb.<\/p>\n\n\n\n<p>\u00abLas estrategias siguen siendo las mismas, el movimiento nos dice que no estamos transitando en este momento lo que fue la situaci\u00f3n en 2020 o 2021, s\u00ed estamos atentos y reforzando las medidas de vacunaci\u00f3n y por supuesto ante s\u00edntomas, la consulta m\u00e9dica\u00bb, agreg\u00f3.<\/p>\n\n\n\n<p>Respecto a la nueva variante, Bobadilla indic\u00f3: \u00abA\u00fan no circula en Corrientes, no obstante, mantenemos la vigilancia gen\u00f3mica para encontrarla. En cuanto al comportamiento del virus, hasta ahora no se ha visto y no hay reportes de aumento ni muertes\u00bb.<\/p>\n\n\n\n<p>En la actualidad, los hisopados del sistema sanitario p\u00fablico est\u00e1n sujetos a criterio m\u00e9dico.<\/p>\n\n\n\n<p><strong>Prevenci\u00f3n<\/strong><\/p>\n\n\n\n<p>Se recomienda mantener las medidas de prevenci\u00f3n b\u00e1sicas, ya que es un h\u00e1bito que evita contagios: lavado de manos o higiene con el uso de alcohol en gel, ventilaci\u00f3n de ambientes y si bien no es obligatorio, el uso del barbijo sigue siendo una medida preventiva para quienes tienen s\u00edntomas respiratorios y en centros de salud, queda a criterio de los directivos de la instituci\u00f3n.<\/p>\n\n\n\n<p>Se recuerda que es fundamental tener completo el calendario regular, la antigripal en los grupos de riesgo y quienes hayan recibido su \u00faltima dosis contra el Covid-19 con un intervalo de 6 meses o m\u00e1s, deben concurrir a las vacunatorios, independientemente del n\u00famero de aplicaciones con las que cuenten.<\/p>\n\n\n\n<p><strong>Estado de situaci\u00f3n<\/strong><\/p>\n\n\n\n<p>En la actualidad, hay dos pacientes internados con Covid-19 en el Instituto de Cardiolog\u00eda de Corrientes. En los hospitales de Campa\u00f1a Escuela Hogar, J. R. Vidal, Escuela Gral. Jos\u00e9 Francisco de San Mart\u00edn, Hospital Pedi\u00e1trico juan Pablo II, al igual que los del interior de la provincia, no reportan ning\u00fan paciente con diagn\u00f3stico de Covid-19.<\/p>\n","protected":false},"excerpt":{"rendered":"<p>Se recomienda completar vacunas, teniendo en cuenta que quienes hayan recibido su \u00faltima dosis contra el Covid-19 con un intervalo de 6 meses o m\u00e1s, deben concurrir a las vacunatorios,&hellip; <\/p>\n","protected":false},"author":8,"featured_media":85877,"comment_status":"closed","ping_status":"open","sticky":false,"template":"","format":"standard","meta":{"footnotes":""},"categories":[23,16],"tags":[],"class_list":["post-85876","post","type-post","status-publish","format-standard","has-post-thumbnail","hentry","category-actualidad","category-bienestar-y-salud"],"_links":{"self":[{"href":"https:\/\/corrientesdetarde.com\/index.php\/wp-json\/wp\/v2\/posts\/85876","targetHints":{"allow":["GET"]}}],"collection":[{"href":"https:\/\/corrientesdetarde.com\/index.php\/wp-json\/wp\/v2\/posts"}],"about":[{"href":"https:\/\/corrientesdetarde.com\/index.php\/wp-json\/wp\/v2\/types\/post"}],"author":[{"embeddable":true,"href":"https:\/\/corrientesdetarde.com\/index.php\/wp-json\/wp\/v2\/users\/8"}],"replies":[{"embeddable":true,"href":"https:\/\/corrientesdetarde.com\/index.php\/wp-json\/wp\/v2\/comments?post=85876"}],"version-history":[{"count":1,"href":"https:\/\/corrientesdetarde.com\/index.php\/wp-json\/wp\/v2\/posts\/85876\/revisions"}],"predecessor-version":[{"id":85878,"href":"https:\/\/corrientesdetarde.com\/index.php\/wp-json\/wp\/v2\/posts\/85876\/revisions\/85878"}],"wp:featuredmedia":[{"embeddable":true,"href":"https:\/\/corrientesdetarde.com\/index.php\/wp-json\/wp\/v2\/media\/85877"}],"wp:attachment":[{"href":"https:\/\/corrientesdetarde.com\/index.php\/wp-json\/wp\/v2\/media?parent=85876"}],"wp:term":[{"taxonomy":"category","embeddable":true,"href":"https:\/\/corrientesdetarde.com\/index.php\/wp-json\/wp\/v2\/categories?post=85876"},{"taxonomy":"post_tag","embeddable":true,"href":"https:\/\/corrientesdetarde.com\/index.php\/wp-json\/wp\/v2\/tags?post=85876"}],"curies":[{"name":"wp","href":"https:\/\/api.w.org\/{rel}","templated":true}]}}