{"id":85916,"date":"2023-09-06T15:32:58","date_gmt":"2023-09-06T18:32:58","guid":{"rendered":"https:\/\/corrientesdetarde.com\/?p=85916"},"modified":"2023-09-06T15:33:03","modified_gmt":"2023-09-06T18:33:03","slug":"la-corte-suprema-ceso-de-sus-funciones-a-la-jueza-ana-maria-figueroa","status":"publish","type":"post","link":"https:\/\/corrientesdetarde.com\/index.php\/politica\/la-corte-suprema-ceso-de-sus-funciones-a-la-jueza-ana-maria-figueroa\/","title":{"rendered":"La Corte Suprema ces\u00f3 de sus funciones a la jueza Ana Mar\u00eda Figueroa"},"content":{"rendered":"\n<p>La decisi\u00f3n fue tomada por unanimidad y fue comunicada al Consejo de la Magistratura de la Naci\u00f3n y a la C\u00e1mara Federal de Casaci\u00f3n Penal. Deb\u00eda definir las causas Hotesur y Los Sauces.<\/p>\n\n\n\n<p>Este mi\u00e9rcoles, la Corte Suprema de Justicia de la Naci\u00f3n, decidi\u00f3 por unanimidad el cese en las funciones de la jueza Ana Mar\u00eda Figueroa, hasta ahora magistrada de la C\u00e1mara Federal de Casaci\u00f3n Penal. As\u00ed lo definieron Ricardo Lorenzetti, Juan Carlos Maqueda, Horacio Rosatti y Carlos Rosenkrantz.<\/p>\n\n\n\n<p>Para fundamentar la decisi\u00f3n, los Ministros tuvieron en cuenta que el pasado 9 de agosto Figueroa hab\u00eda cumplido los 75 a\u00f1os de edad, l\u00edmite de edad que fija la Constituci\u00f3n Nacional para el cese en las funciones de los jueces (art. 99 inciso 4).<\/p>\n\n\n\n<p>Como agravante, no ha obtenido un nuevo acuerdo del Senado para poder mantenerse en su cargo. Previamente, la C\u00e1mara Federal de Casaci\u00f3n Penal hab\u00eda informado a la Presidencia de la Corte -el 8 de agosto- la situaci\u00f3n en la que se encontraba la magistrada<\/p>\n\n\n\n<p>La Corte record\u00f3 que en el precedente \u201cSchiffrin\u201d del a\u00f1o 2017, cuya mayor\u00eda estuvo conformada por los Dres. Maqueda, Rosatti y Lorenzetti, se restableci\u00f3 la validez constitucional que fijaba el l\u00edmite de los 75 a\u00f1os y la necesidad de un nuevo acuerdo del Senado para mantenerse en el cargo, en caso de alcanzar dicha edad. Por su lado, el Dr. Rosenkrantz en dicho precedente firm\u00f3 en disidencia, considerando que dicho l\u00edmite era inconstitucional.<\/p>\n","protected":false},"excerpt":{"rendered":"<p>La decisi\u00f3n fue tomada por unanimidad y fue comunicada al Consejo de la Magistratura de la Naci\u00f3n y a la C\u00e1mara Federal de Casaci\u00f3n Penal. Deb\u00eda definir las causas Hotesur&hellip; <\/p>\n","protected":false},"author":8,"featured_media":85917,"comment_status":"closed","ping_status":"open","sticky":false,"template":"","format":"standard","meta":{"footnotes":""},"categories":[3],"tags":[],"class_list":["post-85916","post","type-post","status-publish","format-standard","has-post-thumbnail","hentry","category-politica"],"_links":{"self":[{"href":"https:\/\/corrientesdetarde.com\/index.php\/wp-json\/wp\/v2\/posts\/85916","targetHints":{"allow":["GET"]}}],"collection":[{"href":"https:\/\/corrientesdetarde.com\/index.php\/wp-json\/wp\/v2\/posts"}],"about":[{"href":"https:\/\/corrientesdetarde.com\/index.php\/wp-json\/wp\/v2\/types\/post"}],"author":[{"embeddable":true,"href":"https:\/\/corrientesdetarde.com\/index.php\/wp-json\/wp\/v2\/users\/8"}],"replies":[{"embeddable":true,"href":"https:\/\/corrientesdetarde.com\/index.php\/wp-json\/wp\/v2\/comments?post=85916"}],"version-history":[{"count":1,"href":"https:\/\/corrientesdetarde.com\/index.php\/wp-json\/wp\/v2\/posts\/85916\/revisions"}],"predecessor-version":[{"id":85918,"href":"https:\/\/corrientesdetarde.com\/index.php\/wp-json\/wp\/v2\/posts\/85916\/revisions\/85918"}],"wp:featuredmedia":[{"embeddable":true,"href":"https:\/\/corrientesdetarde.com\/index.php\/wp-json\/wp\/v2\/media\/85917"}],"wp:attachment":[{"href":"https:\/\/corrientesdetarde.com\/index.php\/wp-json\/wp\/v2\/media?parent=85916"}],"wp:term":[{"taxonomy":"category","embeddable":true,"href":"https:\/\/corrientesdetarde.com\/index.php\/wp-json\/wp\/v2\/categories?post=85916"},{"taxonomy":"post_tag","embeddable":true,"href":"https:\/\/corrientesdetarde.com\/index.php\/wp-json\/wp\/v2\/tags?post=85916"}],"curies":[{"name":"wp","href":"https:\/\/api.w.org\/{rel}","templated":true}]}}