{"id":85919,"date":"2023-09-06T15:36:34","date_gmt":"2023-09-06T18:36:34","guid":{"rendered":"https:\/\/corrientesdetarde.com\/?p=85919"},"modified":"2023-09-06T15:36:46","modified_gmt":"2023-09-06T18:36:46","slug":"lionel-scaloni-se-quejo-del-alto-precio-de-las-entradas-para-ver-a-la-seleccion","status":"publish","type":"post","link":"https:\/\/corrientesdetarde.com\/index.php\/deportes\/lionel-scaloni-se-quejo-del-alto-precio-de-las-entradas-para-ver-a-la-seleccion\/","title":{"rendered":"Lionel Scaloni se quej\u00f3 del alto precio de las entradas para ver a la Selecci\u00f3n"},"content":{"rendered":"\n<p>El DT albiceleste dio una conferencia de prensa en la previa del choque ante Ecuador, por las Eliminatorias Sudamericanas.<\/p>\n\n\n\n<p>Lionel Scaloni brind\u00f3 una conferencia este mediod\u00eda en la previa del comienzo de las Eliminatorias Sudamericanas y sorprendi\u00f3 al hablar del alto precio de las entradas\u00a0para ver a la Selecci\u00f3n.<\/p>\n\n\n\n<p>\u201c<strong>Las entradas las tuve que comprar, asi que imaginate. Me gast\u00e9 900 mil pesos. Las pagu\u00e9, c\u00f3mo no las voy a pagar.<\/strong>\u00a0Despu\u00e9s te muestro el recibo si quer\u00e9s\u201d, dijo el entrenador, un poco en broma un poco en serio.<\/p>\n\n\n\n<p>Y sigui\u00f3: \u201c<strong>Me cuesta mucho como a todos, pero yo no soy nadie para poner el precio de las entradas. Yo por m\u00ed que vaya gratis la gente<\/strong>\u201d. expres\u00f3 el DT.<\/p>\n\n\n\n<figure class=\"wp-block-image\"><img decoding=\"async\" src=\"https:\/\/tn.com.ar\/resizer\/_cOD5I2OQAT0q8rRsnTNtf-cMNs=\/767x0\/smart\/filters:format(webp)\/thumbs.vodgc.net\/1-14-L6K6hB1694014270367_1080P.jpg\" alt=\"Video Placeholder\"\/><\/figure>\n\n\n\n<p>Las entradas para ver el debut de la Selecci\u00f3n Argentina\u00a0en las<strong>\u00a0Eliminatorias Sudamericanas<\/strong>\u00a0ante Ecuador se agotaron en poco m\u00e1s de una hora y media. Los hinchas arrasaron con los tickets para el partido que se disputar\u00e1 el jueves 7 de septiembre en el estadio Monumental.<\/p>\n\n\n\n<h2 class=\"wp-block-heading\">Entradas para la Selecci\u00f3n argentina vs. Ecuador: los precios<\/h2>\n\n\n\n<p>Los<strong>&nbsp;valores de los tickets<\/strong>&nbsp;fueron los siguientes:<\/p>\n\n\n\n<ul class=\"wp-block-list\"><li>General: $19.000<\/li><li>Menor a popular (hasta 10 a\u00f1os): $11.000<\/li><li>Plateas S\u00edvori y Centenario Media: $39.000<\/li><li>San Mart\u00edn y Belgrano Alta: $39.000<\/li><li>San Mart\u00edn y Belgrano Baja: $ 87.000<\/li><li>San Mart\u00edn y Belgrano Media: $89.000<\/li><\/ul>\n","protected":false},"excerpt":{"rendered":"<p>El DT albiceleste dio una conferencia de prensa en la previa del choque ante Ecuador, por las Eliminatorias Sudamericanas. Lionel Scaloni brind\u00f3 una conferencia este mediod\u00eda en la previa del&hellip; <\/p>\n","protected":false},"author":8,"featured_media":85920,"comment_status":"closed","ping_status":"open","sticky":false,"template":"","format":"standard","meta":{"footnotes":""},"categories":[4],"tags":[],"class_list":["post-85919","post","type-post","status-publish","format-standard","has-post-thumbnail","hentry","category-deportes"],"_links":{"self":[{"href":"https:\/\/corrientesdetarde.com\/index.php\/wp-json\/wp\/v2\/posts\/85919","targetHints":{"allow":["GET"]}}],"collection":[{"href":"https:\/\/corrientesdetarde.com\/index.php\/wp-json\/wp\/v2\/posts"}],"about":[{"href":"https:\/\/corrientesdetarde.com\/index.php\/wp-json\/wp\/v2\/types\/post"}],"author":[{"embeddable":true,"href":"https:\/\/corrientesdetarde.com\/index.php\/wp-json\/wp\/v2\/users\/8"}],"replies":[{"embeddable":true,"href":"https:\/\/corrientesdetarde.com\/index.php\/wp-json\/wp\/v2\/comments?post=85919"}],"version-history":[{"count":1,"href":"https:\/\/corrientesdetarde.com\/index.php\/wp-json\/wp\/v2\/posts\/85919\/revisions"}],"predecessor-version":[{"id":85921,"href":"https:\/\/corrientesdetarde.com\/index.php\/wp-json\/wp\/v2\/posts\/85919\/revisions\/85921"}],"wp:featuredmedia":[{"embeddable":true,"href":"https:\/\/corrientesdetarde.com\/index.php\/wp-json\/wp\/v2\/media\/85920"}],"wp:attachment":[{"href":"https:\/\/corrientesdetarde.com\/index.php\/wp-json\/wp\/v2\/media?parent=85919"}],"wp:term":[{"taxonomy":"category","embeddable":true,"href":"https:\/\/corrientesdetarde.com\/index.php\/wp-json\/wp\/v2\/categories?post=85919"},{"taxonomy":"post_tag","embeddable":true,"href":"https:\/\/corrientesdetarde.com\/index.php\/wp-json\/wp\/v2\/tags?post=85919"}],"curies":[{"name":"wp","href":"https:\/\/api.w.org\/{rel}","templated":true}]}}