{"id":85924,"date":"2023-09-06T15:41:19","date_gmt":"2023-09-06T18:41:19","guid":{"rendered":"https:\/\/corrientesdetarde.com\/?p=85924"},"modified":"2023-09-06T15:41:23","modified_gmt":"2023-09-06T18:41:23","slug":"el-fallo-de-la-corte-sobre-la-jueza-figueroa-corto-las-negociaciones-de-cristina-kirchner-en-el-senado","status":"publish","type":"post","link":"https:\/\/corrientesdetarde.com\/index.php\/politica\/el-fallo-de-la-corte-sobre-la-jueza-figueroa-corto-las-negociaciones-de-cristina-kirchner-en-el-senado\/","title":{"rendered":"El fallo de la Corte sobre la jueza Figueroa cort\u00f3 las negociaciones de Cristina Kirchner en el Senado"},"content":{"rendered":"\n<p>Se trata de la magistrada que se resist\u00eda a jubilarse y ten\u00eda en sus manos causas sensibles para la Vicepresidenta. El M\u00e1ximo Tribunal interpret\u00f3 que al tener 75 a\u00f1os el cese de funciones debe ser inmediato.<\/p>\n\n\n\n<p><a href=\"https:\/\/tn.com.ar\/autor\/AdrianVentura\/\"><\/a>Mientras la C\u00e1mara Federal de Casaci\u00f3n Penal ten\u00eda una reuni\u00f3n mi\u00e9rcoles con el objetivo de nombrar a un juez subrogante como reemplazo de la magistrada\u00a0Ana Mar\u00eda Figueroa<strong>, la Corte Suprema determin\u00f3 que ya ces\u00f3 de sus funciones.<\/strong>\u00a0As\u00ed, el cargo ahora qued\u00f3 vacante y el Consejo de la Magistratura deber\u00e1 convocar a un nuevo concurso. Seg\u00fan pudo saber\u00a0, el reemplazo ser\u00eda\u00a0<strong>Mariano Borinsky<\/strong><\/p>\n\n\n\n<p>Esto es un duro rev\u00e9s para Cristina Kirchner,\u00a0y sus hijos, en la causa Hotesur-Los Sauces que ten\u00eda Figueroa. Con esa jugada, la Corte cort\u00f3 la negociaci\u00f3n que ten\u00eda Cirstina Kirchner en el Senado. La C\u00e1mara Alta estaba luchando para conseguir qu\u00f3rum y lograr extender a la jueza en sus funciones.<\/p>\n\n\n\n<p>Judicialmente, la Corte mantuvo el criterio del caso schiffrin, que ordena jubilarse a los 75, per adem\u00e1s vino a interpretar que cumplida la edad se produce automaticamet el cese<\/p>\n\n\n\n<p><\/p>\n","protected":false},"excerpt":{"rendered":"<p>Se trata de la magistrada que se resist\u00eda a jubilarse y ten\u00eda en sus manos causas sensibles para la Vicepresidenta. El M\u00e1ximo Tribunal interpret\u00f3 que al tener 75 a\u00f1os el&hellip; <\/p>\n","protected":false},"author":8,"featured_media":85925,"comment_status":"closed","ping_status":"open","sticky":false,"template":"","format":"standard","meta":{"footnotes":""},"categories":[3],"tags":[],"class_list":["post-85924","post","type-post","status-publish","format-standard","has-post-thumbnail","hentry","category-politica"],"_links":{"self":[{"href":"https:\/\/corrientesdetarde.com\/index.php\/wp-json\/wp\/v2\/posts\/85924","targetHints":{"allow":["GET"]}}],"collection":[{"href":"https:\/\/corrientesdetarde.com\/index.php\/wp-json\/wp\/v2\/posts"}],"about":[{"href":"https:\/\/corrientesdetarde.com\/index.php\/wp-json\/wp\/v2\/types\/post"}],"author":[{"embeddable":true,"href":"https:\/\/corrientesdetarde.com\/index.php\/wp-json\/wp\/v2\/users\/8"}],"replies":[{"embeddable":true,"href":"https:\/\/corrientesdetarde.com\/index.php\/wp-json\/wp\/v2\/comments?post=85924"}],"version-history":[{"count":1,"href":"https:\/\/corrientesdetarde.com\/index.php\/wp-json\/wp\/v2\/posts\/85924\/revisions"}],"predecessor-version":[{"id":85926,"href":"https:\/\/corrientesdetarde.com\/index.php\/wp-json\/wp\/v2\/posts\/85924\/revisions\/85926"}],"wp:featuredmedia":[{"embeddable":true,"href":"https:\/\/corrientesdetarde.com\/index.php\/wp-json\/wp\/v2\/media\/85925"}],"wp:attachment":[{"href":"https:\/\/corrientesdetarde.com\/index.php\/wp-json\/wp\/v2\/media?parent=85924"}],"wp:term":[{"taxonomy":"category","embeddable":true,"href":"https:\/\/corrientesdetarde.com\/index.php\/wp-json\/wp\/v2\/categories?post=85924"},{"taxonomy":"post_tag","embeddable":true,"href":"https:\/\/corrientesdetarde.com\/index.php\/wp-json\/wp\/v2\/tags?post=85924"}],"curies":[{"name":"wp","href":"https:\/\/api.w.org\/{rel}","templated":true}]}}