{"id":85930,"date":"2023-09-06T15:48:05","date_gmt":"2023-09-06T18:48:05","guid":{"rendered":"https:\/\/corrientesdetarde.com\/?p=85930"},"modified":"2023-09-06T15:48:16","modified_gmt":"2023-09-06T18:48:16","slug":"fuerte-advertencia-del-fmi-a-milei-por-el-plan-de-dolarizar-no-sustituye-una-politica-fiscal-sostenible","status":"publish","type":"post","link":"https:\/\/corrientesdetarde.com\/index.php\/economia\/fuerte-advertencia-del-fmi-a-milei-por-el-plan-de-dolarizar-no-sustituye-una-politica-fiscal-sostenible\/","title":{"rendered":"Fuerte advertencia del FMI a Milei por el plan de dolarizar: \u201cNo sustituye una pol\u00edtica fiscal sostenible\u201d"},"content":{"rendered":"\n<p>El responsable del organismo para la regi\u00f3n habl\u00f3 de las propuestas del candidato a presidente por La Libertad Avanza y se\u00f1al\u00f3 que adoptar la moneda norteamericana \u201ces algo que toma su tiempo y requiere mucho apoyo pol\u00edtico\u201d.<\/p>\n\n\n\n<p>El Fondo Monetario Internacional (FMI)\u00a0\u00a0hizo una<strong>\u00a0fuerte advertencia a\u00a0<\/strong>Javier Milei ante su plan de dolarizaci\u00f3n en caso de llegar al gobierno.\u00a0<strong>\u201cNo sustituye a una pol\u00edtica fiscal sostenible\u201d<\/strong>, alert\u00f3 un funcionario clave del organismo.<\/p>\n\n\n\n<p>Rodrigo Vald\u00e9s, un economista chileno a cargo del Departamento del Hemisferio Occidental para el\u00a0FMI. se refiri\u00f3 a la situaci\u00f3n econ\u00f3mica que atraviesa la Argentina y c\u00f3mo impactar\u00edan las medidas que propone el candidato a presidente por La Libertad Avanza.<\/p>\n\n\n\n<p>En tal sentido, puntualiz\u00f3 sobre la&nbsp;<strong>dolarizaci\u00f3n<\/strong>, una de las propuestas principales del aspirante a la presidencia. \u201cEsa es una pregunta que los mercados hoy d\u00eda se hacen m\u00e1s que por el tama\u00f1o, por las condiciones iniciales de&nbsp;<strong>cantidad de reservas que tiene Argentina.<\/strong>&nbsp;El se\u00f1or Milei toc\u00f3 este tema y ellos tienen un plan que est\u00e1n trabajando todav\u00eda y yo no me adelantar\u00eda en la discusi\u00f3n\u201d, expres\u00f3.<\/p>\n\n\n\n<p>Adem\u00e1s, sostuvo que adoptar la moneda norteamericana&nbsp;<strong>\u201ces algo que toma su tiempo\u201d<\/strong>&nbsp;y que<strong>&nbsp;\u201crequiere mucho apoyo pol\u00edtico\u201d,&nbsp;<\/strong>por lo que,de ganar las elecciones, \u201cvan a tener que buscarlo\u201d.<\/p>\n\n\n\n<p>En una entrevista con el diario&nbsp;<em>El Pa\u00eds<\/em>, Vald\u00e9s se\u00f1al\u00f3 que realizar&nbsp;<strong>una dolarizaci\u00f3n, no implicar\u00eda \u201cno tener un programa\u201d con el FMI.<\/strong>&nbsp;\u201cTenemos uno con Ecuador, que es un pa\u00eds dolarizado, y el \u00faltimo fue muy exitoso\u201d, destac\u00f3 y a\u00f1adi\u00f3: \u201cPara nosotros es central reconocer&nbsp;<strong>la forma que organiza un pa\u00eds su pol\u00edtica monetaria, su pol\u00edtica cambiaria, temas que son de plena soberan\u00eda.&nbsp;<\/strong>Lo que s\u00ed nos interesa es que est\u00e9n las<strong>&nbsp;bases macroecon\u00f3micas<\/strong>&nbsp;para que esos sistemas funcionen en el largo plazo y que cuando haya cambios la transici\u00f3n mantenga la&nbsp;<strong>estabilidad<\/strong>\u201d.<\/p>\n\n\n\n<p>Consultado acerca de si el Fondo continuar\u00eda apoyando a la Argentina en caso de que dolarice su moneda, expres\u00f3: \u201cNosotros trabajamos con 190 pa\u00edses, con todas las instituciones posibles que existen dentro de ellos. Lo que nos interesa es que&nbsp;<strong>funcionen bien&nbsp;<\/strong>dependiendo de sus configuraciones macroecon\u00f3micas\u201d.<\/p>\n\n\n\n<p>Y para ello indic\u00f3 que los pa\u00edses que adoptan esta medida,&nbsp;<strong>\u201cpara que funcionen bien requieren ciertas condiciones\u201d.<\/strong>&nbsp;\u201cAlgo muy importante para nosotros es que lo que uno haga en el mundo monetario cambiario<strong>&nbsp;no sustituye lo que es necesario hacer en el mundo fiscal.&nbsp;<\/strong>Esta parte requiere un esfuerzo enorme de los pa\u00edses y siempre uno entiende que el corto plazo y el largo plazo est\u00e1n en tensi\u00f3n\u201d, se\u00f1al\u00f3.<\/p>\n\n\n\n<figure class=\"wp-block-image\"><img decoding=\"async\" src=\"https:\/\/tn.com.ar\/resizer\/ewpCim7HjX0NPMh3r0vigJtCFXw=\/767x0\/smart\/filters:format(webp)\/cloudfront-us-east-1.images.arcpublishing.com\/artear\/R45WXYPE7BEHXERV3NAEC6RYXA.jpg\" alt=\"Javier Milei impulsa la dolarizaci\u00f3n en la Argentina. (Foto: Reuters)\"\/><\/figure>\n\n\n\n<p>\u201cTodos los pa\u00edses requieren una pol\u00edtica fiscal sostenible que lleve a tener deudas no demasiado altas y&nbsp;<strong>dolarizar o no dolarizar no sustituye esa tarea<\/strong>\u201d, manifest\u00f3.<\/p>\n\n\n\n<h2 class=\"wp-block-heading\">Desaceleraci\u00f3n, una \u201cmacroeconom\u00eda ordenada\u201d e inseguridad<\/h2>\n\n\n\n<p>Vald\u00e9s remarc\u00f3 que para este a\u00f1o, desde el organismo de cr\u00e9dito internacional observan una&nbsp;<strong>desaceleraci\u00f3n en muchos pa\u00edses<\/strong>&nbsp;y que eso es algo&nbsp;<strong>\u201csano\u201d&nbsp;<\/strong>porque tuvieron un \u201cdespegue post covid muy fuerte\u201d que requer\u00eda de esta ralentizaci\u00f3n<strong>&nbsp;\u201cpara hacer el pr\u00f3ximo crecimiento sostenible\u201d.<\/strong><\/p>\n\n\n\n<p>Tambi\u00e9n, indic\u00f3 que para mejorar la productividad<strong>\u00a0es necesario \u201ctener una macroeconom\u00eda ordenada\u201d\u00a0<\/strong>y sum\u00f3 que se puede invertir en la\u00a0<strong>transici\u00f3n energ\u00e9tica del mundo<\/strong>, como en el hidr\u00f3geno verde, y en el cambio geopol\u00edtico que hay en cuanto a que las cadenas de valor se quieren establecer en pa\u00edses m\u00e1s cercanos.<\/p>\n\n\n\n<p>Adem\u00e1s, hizo referencia a que&nbsp;<strong>la inseguridad \u201cafecta el crecimiento econ\u00f3mico, la calidad de vida de las personas y las ganas de invertir\u201d<\/strong>&nbsp;y llam\u00f3 a que las autoridades de la regi\u00f3n \u201cle de un mayor peso a ese tema porque tiene implicancias en muchas dimensiones\u201d.<\/p>\n\n\n\n<p>Con respecto a la&nbsp;<strong>desigualdad<\/strong>, remarcado como un problema a solucionar, indic\u00f3 que los pa\u00edses que conforman la OCDE (Organizaci\u00f3n para la Cooperaci\u00f3n y el Desarrollo Econ\u00f3micos) consiguieron&nbsp;<strong>mejorar la distribuci\u00f3n del ingreso&nbsp;<\/strong>de manera muy significativa a trav\u00e9s de lo que hacen \u201ccon<strong>&nbsp;las transferencias monetarias\u201d.<\/strong>&nbsp;\u201cCon muchos instrumentos como seguros de desempleo, mayores sistemas de pensiones que entregan m\u00e1s dinero. Creo que la regi\u00f3n necesita tener m\u00e1s recursos para hacerlo y empezar a preocuparse m\u00e1s de que estas transferencias sean un&nbsp;<strong>seguro serio para las los problemas que tienen a veces las familias<\/strong>\u201d, se\u00f1al\u00f3.<\/p>\n\n\n\n<p>Por \u00faltimo, hizo referencia a \u201cpreocuparse\u201d por \u201cusar bien\u201d los recursos naturales.<\/p>\n","protected":false},"excerpt":{"rendered":"<p>El responsable del organismo para la regi\u00f3n habl\u00f3 de las propuestas del candidato a presidente por La Libertad Avanza y se\u00f1al\u00f3 que adoptar la moneda norteamericana \u201ces algo que toma&hellip; <\/p>\n","protected":false},"author":8,"featured_media":85931,"comment_status":"closed","ping_status":"open","sticky":false,"template":"","format":"standard","meta":{"footnotes":""},"categories":[20],"tags":[],"class_list":["post-85930","post","type-post","status-publish","format-standard","has-post-thumbnail","hentry","category-economia"],"_links":{"self":[{"href":"https:\/\/corrientesdetarde.com\/index.php\/wp-json\/wp\/v2\/posts\/85930","targetHints":{"allow":["GET"]}}],"collection":[{"href":"https:\/\/corrientesdetarde.com\/index.php\/wp-json\/wp\/v2\/posts"}],"about":[{"href":"https:\/\/corrientesdetarde.com\/index.php\/wp-json\/wp\/v2\/types\/post"}],"author":[{"embeddable":true,"href":"https:\/\/corrientesdetarde.com\/index.php\/wp-json\/wp\/v2\/users\/8"}],"replies":[{"embeddable":true,"href":"https:\/\/corrientesdetarde.com\/index.php\/wp-json\/wp\/v2\/comments?post=85930"}],"version-history":[{"count":1,"href":"https:\/\/corrientesdetarde.com\/index.php\/wp-json\/wp\/v2\/posts\/85930\/revisions"}],"predecessor-version":[{"id":85932,"href":"https:\/\/corrientesdetarde.com\/index.php\/wp-json\/wp\/v2\/posts\/85930\/revisions\/85932"}],"wp:featuredmedia":[{"embeddable":true,"href":"https:\/\/corrientesdetarde.com\/index.php\/wp-json\/wp\/v2\/media\/85931"}],"wp:attachment":[{"href":"https:\/\/corrientesdetarde.com\/index.php\/wp-json\/wp\/v2\/media?parent=85930"}],"wp:term":[{"taxonomy":"category","embeddable":true,"href":"https:\/\/corrientesdetarde.com\/index.php\/wp-json\/wp\/v2\/categories?post=85930"},{"taxonomy":"post_tag","embeddable":true,"href":"https:\/\/corrientesdetarde.com\/index.php\/wp-json\/wp\/v2\/tags?post=85930"}],"curies":[{"name":"wp","href":"https:\/\/api.w.org\/{rel}","templated":true}]}}