{"id":85933,"date":"2023-09-06T15:51:40","date_gmt":"2023-09-06T18:51:40","guid":{"rendered":"https:\/\/corrientesdetarde.com\/?p=85933"},"modified":"2023-09-06T15:51:43","modified_gmt":"2023-09-06T18:51:43","slug":"emiliano-dibu-martinez-competira-por-el-premio-a-mejor-arquero-en-la-gala-del-balon-de-oro","status":"publish","type":"post","link":"https:\/\/corrientesdetarde.com\/index.php\/deportes\/emiliano-dibu-martinez-competira-por-el-premio-a-mejor-arquero-en-la-gala-del-balon-de-oro\/","title":{"rendered":"Emiliano \u201cDibu\u201d Mart\u00ednez competir\u00e1 por el premio a mejor arquero en la gala del Bal\u00f3n de Oro"},"content":{"rendered":"\n<p>El argentino figura dentro del listado que public\u00f3 la revista France Football. El galard\u00f3n se entregar\u00e1 el 30 de octubre en Par\u00eds.<\/p>\n\n\n\n<p>Este mi\u00e9rcoles se dio a conocer el listado con todos los\u00a0<strong>nominados al premio al mejor arquero de la temporada 2022-2023\u00a0<\/strong>que se entregar\u00e1 en la gala del\u00a0<strong>Bal\u00f3n de Oro.<\/strong>\u00a0El argentino Emiliano &#8220;Dibu&#8221; Mart\u00ednez\u00a0qued\u00f3 entre los elegidos por su grandes actuaciones, incluyendo la conquista del Mundial de Qatar.<\/p>\n\n\n\n<p>El marplatense que juega en el Aston Villa es uno de los favoritos a quedarse con el galard\u00f3n que recibe el nombre de \u201cLev Yashin\u201d en la<strong>\u00a0ceremonia que se realizar\u00e1 el lunes 30 de octubre<\/strong>\u00a0en el Teatro del Ch\u00e2telet de Par\u00eds, Francia. En febrero de este a\u00f1o gan\u00f3 el premio The Best\u00a0que entrega la FIFA.<\/p>\n\n\n\n<p>La justificaci\u00f3n de la inclusi\u00f3n de Dibu en el listado de diez candidatos es simple para&nbsp;<em>France Football:<\/em>&nbsp;\u201cSin su irreal tapada ante Randal Kolo Muani, en la pr\u00f3rroga de la final del Mundial, Francia habr\u00eda conquistado una tercera estrella.<strong>&nbsp;Fue \u00e9l quien se la dio a Argentina.&nbsp;<\/strong>Su locura le dio el premio al mejor portero del Mundial\u201d.<\/p>\n\n\n\n<p>En la temporada 2022-2023, el argentino jug\u00f3 50 partidos y tuvo 22 vallas invictas. En ese lapso, recibi\u00f3 47 goles.<\/p>\n\n\n\n<h2 class=\"wp-block-heading\">Bal\u00f3n de Oro: todos los nominados a mejor arquero<\/h2>\n\n\n\n<ul class=\"wp-block-list\"><li>Emiliano \u201cDibu\u201d Mart\u00ednez<\/li><li>Yassine Bounou (Bono)<\/li><li>Thibaut Courtois<\/li><li>Ederson<\/li><li>Dominik Livakovic<\/li><li>Mike Maignan<\/li><li>Andr\u00e9 Onana<\/li><li>Aaron Ramsdale<\/li><li>Brice Samba<\/li><li>Marc-Andr\u00e9 Ter Stegen<\/li><\/ul>\n","protected":false},"excerpt":{"rendered":"<p>El argentino figura dentro del listado que public\u00f3 la revista France Football. El galard\u00f3n se entregar\u00e1 el 30 de octubre en Par\u00eds. Este mi\u00e9rcoles se dio a conocer el listado&hellip; <\/p>\n","protected":false},"author":8,"featured_media":85934,"comment_status":"closed","ping_status":"open","sticky":false,"template":"","format":"standard","meta":{"footnotes":""},"categories":[4],"tags":[],"class_list":["post-85933","post","type-post","status-publish","format-standard","has-post-thumbnail","hentry","category-deportes"],"_links":{"self":[{"href":"https:\/\/corrientesdetarde.com\/index.php\/wp-json\/wp\/v2\/posts\/85933","targetHints":{"allow":["GET"]}}],"collection":[{"href":"https:\/\/corrientesdetarde.com\/index.php\/wp-json\/wp\/v2\/posts"}],"about":[{"href":"https:\/\/corrientesdetarde.com\/index.php\/wp-json\/wp\/v2\/types\/post"}],"author":[{"embeddable":true,"href":"https:\/\/corrientesdetarde.com\/index.php\/wp-json\/wp\/v2\/users\/8"}],"replies":[{"embeddable":true,"href":"https:\/\/corrientesdetarde.com\/index.php\/wp-json\/wp\/v2\/comments?post=85933"}],"version-history":[{"count":1,"href":"https:\/\/corrientesdetarde.com\/index.php\/wp-json\/wp\/v2\/posts\/85933\/revisions"}],"predecessor-version":[{"id":85935,"href":"https:\/\/corrientesdetarde.com\/index.php\/wp-json\/wp\/v2\/posts\/85933\/revisions\/85935"}],"wp:featuredmedia":[{"embeddable":true,"href":"https:\/\/corrientesdetarde.com\/index.php\/wp-json\/wp\/v2\/media\/85934"}],"wp:attachment":[{"href":"https:\/\/corrientesdetarde.com\/index.php\/wp-json\/wp\/v2\/media?parent=85933"}],"wp:term":[{"taxonomy":"category","embeddable":true,"href":"https:\/\/corrientesdetarde.com\/index.php\/wp-json\/wp\/v2\/categories?post=85933"},{"taxonomy":"post_tag","embeddable":true,"href":"https:\/\/corrientesdetarde.com\/index.php\/wp-json\/wp\/v2\/tags?post=85933"}],"curies":[{"name":"wp","href":"https:\/\/api.w.org\/{rel}","templated":true}]}}