{"id":85936,"date":"2023-09-06T15:55:03","date_gmt":"2023-09-06T18:55:03","guid":{"rendered":"https:\/\/corrientesdetarde.com\/?p=85936"},"modified":"2023-09-06T15:55:15","modified_gmt":"2023-09-06T18:55:15","slug":"rusia-ataco-un-mercado-en-ucrania-y-mato-a-por-lo-menos-16-personas","status":"publish","type":"post","link":"https:\/\/corrientesdetarde.com\/index.php\/internacionales\/rusia-ataco-un-mercado-en-ucrania-y-mato-a-por-lo-menos-16-personas\/","title":{"rendered":"Rusia atac\u00f3 un mercado en Ucrania y mat\u00f3 a por lo menos 16 personas"},"content":{"rendered":"\n<p>El bombardero ocurri\u00f3 a plena luz del d\u00eda en una ciudad al este de Ucrania. Repudio de Volodimir Zelenski.<\/p>\n\n\n\n<p><strong>\u201cOtro acto terrorista\u201d<\/strong>. Esta fue la reacci\u00f3n del presidente ucraniano Volodimir Zelenski al ataque de Rusia contra un mercado en el Donetsk que como saldo dej\u00f3, al menos, 16 muertos entre los que habr\u00eda un ni\u00f1o.<\/p>\n\n\n\n<p>Im\u00e1genes de c\u00e1maras de vigilancia muestran una calle comerciante tranquila cuando de repente se oye el silbido de un proyectil y luego una explosi\u00f3n muy fuerte.\u00a0<strong>En otro video, se ven edificios en llamas.<\/strong><\/p>\n\n\n\n<p>\u201cLa artiller\u00eda de los terroristas rusos&nbsp;<strong>mat\u00f3 a 16 personas en la ciudad de Kostant\u00ednovka<\/strong>, en la regi\u00f3n de Donetsk\u201d, asegur\u00f3 Zelenski, al informar que el ataque alcanz\u00f3 a un mercado, tiendas y una farmacia.<\/p>\n\n\n\n<p>Kostant\u00ednovka est\u00e1 situada a unos 30 km de Bajmut, escenario de una feroz batalla desde hace un a\u00f1o. Las ciudades a su alrededor tambi\u00e9n son bombardeadas.<\/p>\n\n\n\n<h2 class=\"wp-block-heading\">La reacci\u00f3n del presidente ucraniano<\/h2>\n\n\n\n<p>\u201cCuando alguien en el mundo todav\u00eda intenta lidiar con algo ruso,&nbsp;<strong>significa cerrar los ojos a la realidad.&nbsp;<\/strong>La audacia del mal. El descaro del mal. La inhumanidad absoluta\u201d, escribi\u00f3 Zelenski en Telegram<\/p>\n\n\n\n<figure class=\"wp-block-image\"><img decoding=\"async\" src=\"https:\/\/tn.com.ar\/resizer\/YBrKvrK0ZteXz57BDSkm5KKZlBo=\/767x0\/smart\/filters:format(webp)\/cloudfront-us-east-1.images.arcpublishing.com\/artear\/UIFPHGJG3J5MFAHEMS62FGZE5U.jpg\" alt=\"En esta imagen, proporcionada por los Servicios de Emergencia de Ucrania, rescatistas trabajan en la extinci\u00f3n de un incendio tras un ataque ruso en la regi\u00f3n de Kiev. (Foto: AP)\"\/><\/figure>\n\n\n\n<p>El mandatario advirti\u00f3 que \u201clamentablemente,&nbsp;<strong>el n\u00famero de v\u00edctimas y heridos podr\u00eda aumentar\u201d<\/strong>, y a\u00f1adi\u00f3 que \u201ceste mal ruso debe ser derrotado lo antes posible\u201d<\/p>\n\n\n\n<p>El gobierno ucraniano ya adelant\u00f3 que prestar\u00e1 \u201cespecial atenci\u00f3n\u201d&nbsp;<strong>a proteger la infraestructura cr\u00edtica de los ataques rusos durante el invierno<\/strong>. Anunci\u00f3 \u201cun plan integral para proteger las infraestructuras cr\u00edticas de cualquier cosa que se le ocurra a un pa\u00eds terrorista\u201d, asever\u00f3 el mandatario ucraniano.<\/p>\n\n\n\n<h2 class=\"wp-block-heading\">Ataques en medio de una visita clave<\/h2>\n\n\n\n<p>Adem\u00e1s de los ataques y muertos en el Donetsk, se registraron una serie de explosiones esta ma\u00f1ana en la capital de Ucrania, Kiev, informaron los medios locales,&nbsp;<strong>provocando el encendido de la alarma antia\u00e9rea&nbsp;<\/strong>en todas las regiones del pa\u00eds<\/p>\n\n\n\n<p>La administraci\u00f3n militar inform\u00f3 esta ma\u00f1ana que Kiev fue atacada con misiles bal\u00edsticos y de crucero. La misma fuente precis\u00f3 que, al mismo tiempo, las defensas a\u00e9reas ucranianas destruyeron todos los objetivos enemigos que avanzaban hacia la capital ucraniana y que hasta el momento no se han registrado v\u00edctimas ni da\u00f1os importantes.<\/p>\n\n\n\n<p>Los ataques se produjeron mientras el secretario de Estado de Estados Unidos,&nbsp;<strong>Anthony Blinken, lleg\u00f3 a Kiev el mi\u00e9rcoles en una visita no anunciada.<\/strong><\/p>\n\n\n\n<p>La visita ten\u00eda como objetivo evaluar la contraofensiva iniciada por las fuerzas ucranianas hace tres meses y resaltar el respaldo continuado de Washington a los esfuerzos de Kiev para expulsar a las fuerzas del Kremlin del pa\u00eds tras 19 meses de guerra, ante la preocupaci\u00f3n de algunos aliados occidentales sobre el ritmo de los avances, dijeron funcionarios estadounidenses.<\/p>\n","protected":false},"excerpt":{"rendered":"<p>El bombardero ocurri\u00f3 a plena luz del d\u00eda en una ciudad al este de Ucrania. Repudio de Volodimir Zelenski. \u201cOtro acto terrorista\u201d. Esta fue la reacci\u00f3n del presidente ucraniano Volodimir&hellip; <\/p>\n","protected":false},"author":8,"featured_media":85937,"comment_status":"closed","ping_status":"open","sticky":false,"template":"","format":"standard","meta":{"footnotes":""},"categories":[11],"tags":[],"class_list":["post-85936","post","type-post","status-publish","format-standard","has-post-thumbnail","hentry","category-internacionales"],"_links":{"self":[{"href":"https:\/\/corrientesdetarde.com\/index.php\/wp-json\/wp\/v2\/posts\/85936","targetHints":{"allow":["GET"]}}],"collection":[{"href":"https:\/\/corrientesdetarde.com\/index.php\/wp-json\/wp\/v2\/posts"}],"about":[{"href":"https:\/\/corrientesdetarde.com\/index.php\/wp-json\/wp\/v2\/types\/post"}],"author":[{"embeddable":true,"href":"https:\/\/corrientesdetarde.com\/index.php\/wp-json\/wp\/v2\/users\/8"}],"replies":[{"embeddable":true,"href":"https:\/\/corrientesdetarde.com\/index.php\/wp-json\/wp\/v2\/comments?post=85936"}],"version-history":[{"count":1,"href":"https:\/\/corrientesdetarde.com\/index.php\/wp-json\/wp\/v2\/posts\/85936\/revisions"}],"predecessor-version":[{"id":85938,"href":"https:\/\/corrientesdetarde.com\/index.php\/wp-json\/wp\/v2\/posts\/85936\/revisions\/85938"}],"wp:featuredmedia":[{"embeddable":true,"href":"https:\/\/corrientesdetarde.com\/index.php\/wp-json\/wp\/v2\/media\/85937"}],"wp:attachment":[{"href":"https:\/\/corrientesdetarde.com\/index.php\/wp-json\/wp\/v2\/media?parent=85936"}],"wp:term":[{"taxonomy":"category","embeddable":true,"href":"https:\/\/corrientesdetarde.com\/index.php\/wp-json\/wp\/v2\/categories?post=85936"},{"taxonomy":"post_tag","embeddable":true,"href":"https:\/\/corrientesdetarde.com\/index.php\/wp-json\/wp\/v2\/tags?post=85936"}],"curies":[{"name":"wp","href":"https:\/\/api.w.org\/{rel}","templated":true}]}}