{"id":8623,"date":"2022-10-04T22:39:23","date_gmt":"2022-10-05T01:39:23","guid":{"rendered":"https:\/\/corrientesdetarde.com\/?p=8623"},"modified":"2022-10-04T22:39:23","modified_gmt":"2022-10-05T01:39:23","slug":"partizan-prepara-una-oferta-para-convencer-a-campazzo","status":"publish","type":"post","link":"https:\/\/corrientesdetarde.com\/index.php\/deportes\/partizan-prepara-una-oferta-para-convencer-a-campazzo\/","title":{"rendered":"Partiz\u00e1n prepara una oferta para convencer a Campazzo"},"content":{"rendered":"\n<p>Partiz\u00e1n, uno de los gigantes del b\u00e1squetbol de Serbia que retorna esta temporada a la Euroliga, est\u00e1 dispuesto a preparar un contrato por una temporada para el armador argentino Facundo Campazzo, figura del seleccionado albiceleste que acaba de romper su vinculaci\u00f3n con los Denver Nuggets de la NBA.<\/p>\n\n\n\n<p>De acuerdo a lo revelado por el sitio especializado Sportando, que cita a fuentes period\u00edsticas serbias, el club de Belgrado har\u00e1 oficial en las pr\u00f3ximas horas &#8220;una propuesta por un a\u00f1o de contrato&#8221; al basquetbolista cordob\u00e9s, de 31 a\u00f1os y 1,78 metros de altura.<\/p>\n\n\n\n<p>Desde que el exjugador de Pe\u00f1arol de Mar del Plata tom\u00f3 conocimiento de que su futuro estaba lejos de la franquicia estadounidense del estado de Colorado, el continente europeo parece &#8220;ser el destino m\u00e1s apetecible&#8221; para el estratega.<\/p>\n\n\n\n<p>De hecho, Real Madrid, el club con el que se alist\u00f3 durante las campa\u00f1as 2017-2020, siempre asoma &#8220;estar al acecho para formularle&#8221; una nueva proposici\u00f3n para unirse a sus filas, aun cuando el propio DT merengue, Chus Mateo, adujo &#8220;no saber nada&#8221; de un eventual retorno del crack.<\/p>\n\n\n\n<p>Luego de una prolongada pausa, Partiz\u00e1n volver\u00e1 este a\u00f1o a formar parte de la Euroliga aprovechando la deserci\u00f3n de los equipos rusos (CSKA Mosc\u00fa, Zenit San Petersburgo, Unics Kazan), a los que se les impide participar mientras dure el conflicto b\u00e9lico con Ucrania.<\/p>\n\n\n\n<p>El equipo es dirigido por el reconocido entrenador Zeljko Obradovic (62 a\u00f1os) y abrir\u00e1 la temporada continental este viernes enfrentando como visitante al Alba Berl\u00edn, en Alemania.<\/p>\n","protected":false},"excerpt":{"rendered":"<p>Partiz\u00e1n, uno de los gigantes del b\u00e1squetbol de Serbia que retorna esta temporada a la Euroliga, est\u00e1 dispuesto a preparar un contrato por una temporada para el armador argentino Facundo&hellip; <\/p>\n","protected":false},"author":1,"featured_media":8631,"comment_status":"closed","ping_status":"open","sticky":false,"template":"","format":"standard","meta":{"footnotes":""},"categories":[4],"tags":[],"class_list":["post-8623","post","type-post","status-publish","format-standard","has-post-thumbnail","hentry","category-deportes"],"_links":{"self":[{"href":"https:\/\/corrientesdetarde.com\/index.php\/wp-json\/wp\/v2\/posts\/8623","targetHints":{"allow":["GET"]}}],"collection":[{"href":"https:\/\/corrientesdetarde.com\/index.php\/wp-json\/wp\/v2\/posts"}],"about":[{"href":"https:\/\/corrientesdetarde.com\/index.php\/wp-json\/wp\/v2\/types\/post"}],"author":[{"embeddable":true,"href":"https:\/\/corrientesdetarde.com\/index.php\/wp-json\/wp\/v2\/users\/1"}],"replies":[{"embeddable":true,"href":"https:\/\/corrientesdetarde.com\/index.php\/wp-json\/wp\/v2\/comments?post=8623"}],"version-history":[{"count":1,"href":"https:\/\/corrientesdetarde.com\/index.php\/wp-json\/wp\/v2\/posts\/8623\/revisions"}],"predecessor-version":[{"id":8640,"href":"https:\/\/corrientesdetarde.com\/index.php\/wp-json\/wp\/v2\/posts\/8623\/revisions\/8640"}],"wp:featuredmedia":[{"embeddable":true,"href":"https:\/\/corrientesdetarde.com\/index.php\/wp-json\/wp\/v2\/media\/8631"}],"wp:attachment":[{"href":"https:\/\/corrientesdetarde.com\/index.php\/wp-json\/wp\/v2\/media?parent=8623"}],"wp:term":[{"taxonomy":"category","embeddable":true,"href":"https:\/\/corrientesdetarde.com\/index.php\/wp-json\/wp\/v2\/categories?post=8623"},{"taxonomy":"post_tag","embeddable":true,"href":"https:\/\/corrientesdetarde.com\/index.php\/wp-json\/wp\/v2\/tags?post=8623"}],"curies":[{"name":"wp","href":"https:\/\/api.w.org\/{rel}","templated":true}]}}