{"id":8626,"date":"2022-10-04T22:32:52","date_gmt":"2022-10-05T01:32:52","guid":{"rendered":"https:\/\/corrientesdetarde.com\/?p=8626"},"modified":"2022-10-04T22:32:55","modified_gmt":"2022-10-05T01:32:55","slug":"el-gremio-de-camioneros-pidio-un-aumento-salarial-del-130","status":"publish","type":"post","link":"https:\/\/corrientesdetarde.com\/index.php\/sociales\/el-gremio-de-camioneros-pidio-un-aumento-salarial-del-130\/","title":{"rendered":"El gremio de Camioneros pidi\u00f3 un aumento salarial del 130%"},"content":{"rendered":"\n<p>&#8220;Hemos venido a plantear desde nuestra Federaci\u00f3n el incremento salarial que nosotros consideramos que es una necesidad b\u00e1sica que necesitan todos los trabajadores que representamos&#8221;, declar\u00f3 Marcelo Aparicio.&nbsp;<\/p>\n\n\n\n<p>Adem\u00e1s de se\u00f1alar la importancia de un aumento del 100% al b\u00e1sico, destac\u00f3 que tambi\u00e9n pidieron el 20% para todas las actividades de los adicionales y un aumento del bono del 100%.<\/p>\n\n\n\n<p>Al dar detalles de la reuni\u00f3n afirm\u00f3 que son siempre las mismas discusiones, &#8220;las C\u00e1maras lo primero que te dicen es que no pueden, que no llegan, pero no vimos que hayan discutido de la misma manera cuando aumentaron el combustible al 80%, cuando le suben los insumos \u2013que sufrimos tambi\u00e9n todos- nunca han llorado tanto como ahora para un incremento salarial&#8221;, cuestion\u00f3 el dirigente gremial.<\/p>\n\n\n\n<p>Entre los reclamos se encuentra tambi\u00e9n el aumento del 20% para las actividades de larga distancia que no tienen ning\u00fan tipo de adicional, seg\u00fan lo que expresaron desde camioneros.<\/p>\n\n\n\n<p>Y agreg\u00f3 Aparicio, &#8220;es momento que empiecen a valorar el esfuerzo de esos trabajadores tambi\u00e9n, los que no son tenidos en cuenta, justamente son los que m\u00e1s sufren los perjuicios porque tienen que gastar dinero de sus bolsillos constantemente para viajar por el interior del pa\u00eds, se sufre el impuesto a la ganancia, y los vi\u00e1ticos que se descuentan, tambi\u00e9n&#8221;.<\/p>\n\n\n\n<p>A su vez, desde camioneros aseguraron que la semana que viene las C\u00e1maras Empresariales van a traer alguna propuesta a todo lo que vienen planteando y a partir de eso ver\u00e1n si est\u00e1n de acuerdo o no.<\/p>\n\n\n\n<p><strong>La Advertencia de Moyano a empresarios<\/strong><br>Cabe destacar que el viernes pasado Pablo Moyano, dirigente sindical de Camioneros y uno de los secretarios generales del tr\u00edo de conducci\u00f3n de la CGT, hab\u00eda advertido a los empresarios que tengan cuidado con lo que propon\u00edan, porque si no iban con alguna oferta seria, &#8220;el paro de los del neum\u00e1tico va a ser un poroto con las medidas que va a tomar Camioneros&#8221;.<\/p>\n\n\n\n<p>Y agreg\u00f3, &#8220;nosotros ya hemos cobrado por adelantado el 31%, pero ahora esperamos que los empresarios vengan con una propuesta seria, concreta, porque todos los gremios est\u00e1n reabriendo paritarias y algunos superando al 100%, as\u00ed que nosotros vamos a estar ah\u00ed tambi\u00e9n&#8221;.<\/p>\n","protected":false},"excerpt":{"rendered":"<p>&#8220;Hemos venido a plantear desde nuestra Federaci\u00f3n el incremento salarial que nosotros consideramos que es una necesidad b\u00e1sica que necesitan todos los trabajadores que representamos&#8221;, declar\u00f3 Marcelo Aparicio.&nbsp; Adem\u00e1s de&hellip; <\/p>\n","protected":false},"author":1,"featured_media":8628,"comment_status":"closed","ping_status":"open","sticky":false,"template":"","format":"standard","meta":{"footnotes":""},"categories":[17],"tags":[],"class_list":["post-8626","post","type-post","status-publish","format-standard","has-post-thumbnail","hentry","category-sociales"],"_links":{"self":[{"href":"https:\/\/corrientesdetarde.com\/index.php\/wp-json\/wp\/v2\/posts\/8626","targetHints":{"allow":["GET"]}}],"collection":[{"href":"https:\/\/corrientesdetarde.com\/index.php\/wp-json\/wp\/v2\/posts"}],"about":[{"href":"https:\/\/corrientesdetarde.com\/index.php\/wp-json\/wp\/v2\/types\/post"}],"author":[{"embeddable":true,"href":"https:\/\/corrientesdetarde.com\/index.php\/wp-json\/wp\/v2\/users\/1"}],"replies":[{"embeddable":true,"href":"https:\/\/corrientesdetarde.com\/index.php\/wp-json\/wp\/v2\/comments?post=8626"}],"version-history":[{"count":1,"href":"https:\/\/corrientesdetarde.com\/index.php\/wp-json\/wp\/v2\/posts\/8626\/revisions"}],"predecessor-version":[{"id":8637,"href":"https:\/\/corrientesdetarde.com\/index.php\/wp-json\/wp\/v2\/posts\/8626\/revisions\/8637"}],"wp:featuredmedia":[{"embeddable":true,"href":"https:\/\/corrientesdetarde.com\/index.php\/wp-json\/wp\/v2\/media\/8628"}],"wp:attachment":[{"href":"https:\/\/corrientesdetarde.com\/index.php\/wp-json\/wp\/v2\/media?parent=8626"}],"wp:term":[{"taxonomy":"category","embeddable":true,"href":"https:\/\/corrientesdetarde.com\/index.php\/wp-json\/wp\/v2\/categories?post=8626"},{"taxonomy":"post_tag","embeddable":true,"href":"https:\/\/corrientesdetarde.com\/index.php\/wp-json\/wp\/v2\/tags?post=8626"}],"curies":[{"name":"wp","href":"https:\/\/api.w.org\/{rel}","templated":true}]}}