{"id":86308,"date":"2023-09-07T21:24:41","date_gmt":"2023-09-08T00:24:41","guid":{"rendered":"https:\/\/corrientesdetarde.com\/?p=86308"},"modified":"2023-09-07T21:24:52","modified_gmt":"2023-09-08T00:24:52","slug":"crecen-las-victimas-fatales-en-brasil-tras-el-devastador-ciclon-extratropical","status":"publish","type":"post","link":"https:\/\/corrientesdetarde.com\/index.php\/internacionales\/crecen-las-victimas-fatales-en-brasil-tras-el-devastador-ciclon-extratropical\/","title":{"rendered":"Crecen las v\u00edctimas fatales en Brasil tras el devastador cicl\u00f3n extratropical"},"content":{"rendered":"\n<p>El balance m\u00e1s reciente hab\u00eda elevado la cifra de muertos a 37.<\/p>\n\n\n\n<p>A 37 hab\u00eda aumentado el n\u00famero de muertos en el sur de Brasil por el paso devastador de un\u00a0cicl\u00f3n\u00a0extratropical que se registra desde el lunes pasado, de acuerdo con el nuevo balance que difundieron por las autoridades locales.<\/p>\n\n\n\n<p><strong>De los fallecidos, 36 fueron registrados en el estado de R\u00edo Grande do Sul y uno en el estado vecino de Santa Catarina<\/strong>.<\/p>\n\n\n\n<p><strong>En el primer estado mencionado, fronterizo con Uruguay y la Argentina, la Defensa Civil report\u00f3 adem\u00e1s nueve desaparecidos y m\u00e1s de 4.000 personas evacuadas<\/strong>&nbsp;por el cicl\u00f3n que provoc\u00f3 inundaciones y destrozos en 79 municipios.<\/p>\n\n\n\n<p>Las ciudades m\u00e1s afectadas son las que est\u00e1n ubicadas en las m\u00e1rgenes del r\u00edo Taquar\u00ed, que se desbord\u00f3.&nbsp; Los municipios con m\u00e1s v\u00edctimas son Mu\u00e7um, con 14, y Roca Sales, con nueve, ambos pertenecientes a R\u00edo Grande do Sul.<\/p>\n\n\n\n<h2 class=\"wp-block-heading\">La peor tragedia clim\u00e1tica en 40 a\u00f1os<\/h2>\n\n\n\n<p>El gobernador surriograndense, Eduardo Leite, anunci\u00f3 que iba a declarar el estado de calamidad, en lo que consider\u00f3 la peor tragedia clim\u00e1tica registrada en por lo menos 40 a\u00f1os.<\/p>\n\n\n\n<p>El presidente Luiz In\u00e1cio Lula da Silva inform\u00f3 en sus redes sociales que orden\u00f3 el env\u00edo de fondos para ayudar a las v\u00edctimas y reconstruir carreteras y puentes destruidos por el paso del cicl\u00f3n, con vientos de m\u00e1s de 110 kil\u00f3metros por hora.<\/p>\n\n\n\n<p><strong>En mayo pasado 16 personas hab\u00edan fallecido por el paso de un cicl\u00f3n extratropical en R\u00edo Grande do Sul.<\/strong><\/p>\n\n\n\n<p><strong>Seg\u00fan el Instituto Nacional de Meteorolog\u00eda, el cicl\u00f3n provoc\u00f3 tambi\u00e9n lluvias y tempestades, en menor intensidad, en los estados de Paran\u00e1 (sur), Mato Grosso do Sul (centro) y Sao Paulo (sureste).<\/strong><\/p>\n","protected":false},"excerpt":{"rendered":"<p>El balance m\u00e1s reciente hab\u00eda elevado la cifra de muertos a 37. A 37 hab\u00eda aumentado el n\u00famero de muertos en el sur de Brasil por el paso devastador de&hellip; <\/p>\n","protected":false},"author":4,"featured_media":86309,"comment_status":"closed","ping_status":"open","sticky":false,"template":"","format":"standard","meta":{"footnotes":""},"categories":[11],"tags":[],"class_list":["post-86308","post","type-post","status-publish","format-standard","has-post-thumbnail","hentry","category-internacionales"],"_links":{"self":[{"href":"https:\/\/corrientesdetarde.com\/index.php\/wp-json\/wp\/v2\/posts\/86308","targetHints":{"allow":["GET"]}}],"collection":[{"href":"https:\/\/corrientesdetarde.com\/index.php\/wp-json\/wp\/v2\/posts"}],"about":[{"href":"https:\/\/corrientesdetarde.com\/index.php\/wp-json\/wp\/v2\/types\/post"}],"author":[{"embeddable":true,"href":"https:\/\/corrientesdetarde.com\/index.php\/wp-json\/wp\/v2\/users\/4"}],"replies":[{"embeddable":true,"href":"https:\/\/corrientesdetarde.com\/index.php\/wp-json\/wp\/v2\/comments?post=86308"}],"version-history":[{"count":1,"href":"https:\/\/corrientesdetarde.com\/index.php\/wp-json\/wp\/v2\/posts\/86308\/revisions"}],"predecessor-version":[{"id":86310,"href":"https:\/\/corrientesdetarde.com\/index.php\/wp-json\/wp\/v2\/posts\/86308\/revisions\/86310"}],"wp:featuredmedia":[{"embeddable":true,"href":"https:\/\/corrientesdetarde.com\/index.php\/wp-json\/wp\/v2\/media\/86309"}],"wp:attachment":[{"href":"https:\/\/corrientesdetarde.com\/index.php\/wp-json\/wp\/v2\/media?parent=86308"}],"wp:term":[{"taxonomy":"category","embeddable":true,"href":"https:\/\/corrientesdetarde.com\/index.php\/wp-json\/wp\/v2\/categories?post=86308"},{"taxonomy":"post_tag","embeddable":true,"href":"https:\/\/corrientesdetarde.com\/index.php\/wp-json\/wp\/v2\/tags?post=86308"}],"curies":[{"name":"wp","href":"https:\/\/api.w.org\/{rel}","templated":true}]}}