{"id":86317,"date":"2023-09-07T21:57:47","date_gmt":"2023-09-08T00:57:47","guid":{"rendered":"https:\/\/corrientesdetarde.com\/?p=86317"},"modified":"2023-09-07T21:57:50","modified_gmt":"2023-09-08T00:57:50","slug":"el-campeon-del-mundo-se-reencontro-con-su-publico","status":"publish","type":"post","link":"https:\/\/corrientesdetarde.com\/index.php\/deportes\/el-campeon-del-mundo-se-reencontro-con-su-publico\/","title":{"rendered":"El campe\u00f3n del mundo se reencontr\u00f3 con su p\u00fablico"},"content":{"rendered":"\n<p>El astro argentino Lionel Messi hizo su primera aparici\u00f3n en el campo de juego y fue ovacionado por todo el Monumental.\u00a0\u00a0<\/p>\n\n\n\n<p>El estadio Monumental fue el escenario ideal para este momento de Argentina, y tras tanto festejos,&nbsp;<strong>se volvi\u00f3 a reencontrar de forma oficial con su p\u00fablico que colm\u00f3 las tribunas desde temprano y mim\u00f3 a su capit\u00e1n, Lionel Messi, con ovaciones y aplausos en el encuentro ante Ecuador.<\/strong><\/p>\n\n\n\n<p>El clima comenz\u00f3 con un recibimiento a pura silbatina para el la selecci\u00f3n de Ecuador apenas pis\u00f3 el campo de juego para la entrada en calor, pero r\u00e1pidamente el foco cambi\u00f3, porque el equipo de Lionel Scaloni sali\u00f3 al c\u00e9sped y el p\u00fablico exhibi\u00f3 toda su euforia.<\/p>\n\n\n\n<p>Los primeros c\u00e1nticos, y al nivel de un estruendo, fue para el astro rosarino con el cl\u00e1sico<strong>&nbsp;&#8220;que de la mano de Leo Messi, todos la vuelta vamos a dar&#8221;.<\/strong>&nbsp;Y si, la gente no se conform\u00f3 con las tres vueltas ol\u00edmpicas en las \u00faltimas dos temporadas y quiere m\u00e1s.<\/p>\n\n\n\n<p>Antes que por altoparlante dieran a conocer los equipos, hubo lugar para que las m\u00e1s de 86 mil almas se acuerden del eterno rival Inglaterra:<strong>&nbsp;&#8220;el que no salta, es un ingl\u00e9s&#8221;.<\/strong><\/p>\n\n\n\n<figure class=\"wp-block-image\"><img decoding=\"async\" src=\"https:\/\/noticiasargentinas.com\/images\/NA\/Contenidos\/F5dPy6MWIAAZ6X0.webp\" alt=\"F5dPy6MWIAAZ6X0.jpg\"\/><\/figure>\n\n\n\n<p>Posteriormente, se desat\u00f3 la serie de aplausos m\u00e1s larga que se recuerde en River. Nicol\u00e1s Otamendi se qued\u00f3 con el tercer lugar de los reconocidos,&nbsp;<strong>Emiliano &#8220;Dibu&#8221; Mart\u00ednez se adue\u00f1o de la segunda posici\u00f3n, mientras que el n\u00famero uno fue para Messi,<\/strong>&nbsp;quien volvi\u00f3 a ser ovacionado y recibi\u00f3 reverencia por parte de la gente.<\/p>\n\n\n\n<p>Con los equipos por salir a la cancha,\u00a0<strong>baj\u00f3 desde todos los sectores el &#8220;dale campe\u00f3n&#8221;<\/strong>\u00a0y ante algunos tibios silbidos del p\u00fablico ecuatoriano, los argentinos sacaron chapa del t\u00edtulo mundialista de Qatar 2022 y le contestaron &#8220;gana una copa&#8221;.<\/p>\n\n\n\n<figure class=\"wp-block-video\"><video height=\"480\" style=\"aspect-ratio: 848 \/ 480;\" width=\"848\" controls src=\"https:\/\/corrientesdetarde.com\/wp-content\/uploads\/2023\/09\/MESSI.mp4\"><\/video><\/figure>\n","protected":false},"excerpt":{"rendered":"<p>El astro argentino Lionel Messi hizo su primera aparici\u00f3n en el campo de juego y fue ovacionado por todo el Monumental.\u00a0\u00a0 El estadio Monumental fue el escenario ideal para este&hellip; <\/p>\n","protected":false},"author":4,"featured_media":86319,"comment_status":"closed","ping_status":"open","sticky":false,"template":"","format":"standard","meta":{"footnotes":""},"categories":[4],"tags":[],"class_list":["post-86317","post","type-post","status-publish","format-standard","has-post-thumbnail","hentry","category-deportes"],"_links":{"self":[{"href":"https:\/\/corrientesdetarde.com\/index.php\/wp-json\/wp\/v2\/posts\/86317","targetHints":{"allow":["GET"]}}],"collection":[{"href":"https:\/\/corrientesdetarde.com\/index.php\/wp-json\/wp\/v2\/posts"}],"about":[{"href":"https:\/\/corrientesdetarde.com\/index.php\/wp-json\/wp\/v2\/types\/post"}],"author":[{"embeddable":true,"href":"https:\/\/corrientesdetarde.com\/index.php\/wp-json\/wp\/v2\/users\/4"}],"replies":[{"embeddable":true,"href":"https:\/\/corrientesdetarde.com\/index.php\/wp-json\/wp\/v2\/comments?post=86317"}],"version-history":[{"count":1,"href":"https:\/\/corrientesdetarde.com\/index.php\/wp-json\/wp\/v2\/posts\/86317\/revisions"}],"predecessor-version":[{"id":86320,"href":"https:\/\/corrientesdetarde.com\/index.php\/wp-json\/wp\/v2\/posts\/86317\/revisions\/86320"}],"wp:featuredmedia":[{"embeddable":true,"href":"https:\/\/corrientesdetarde.com\/index.php\/wp-json\/wp\/v2\/media\/86319"}],"wp:attachment":[{"href":"https:\/\/corrientesdetarde.com\/index.php\/wp-json\/wp\/v2\/media?parent=86317"}],"wp:term":[{"taxonomy":"category","embeddable":true,"href":"https:\/\/corrientesdetarde.com\/index.php\/wp-json\/wp\/v2\/categories?post=86317"},{"taxonomy":"post_tag","embeddable":true,"href":"https:\/\/corrientesdetarde.com\/index.php\/wp-json\/wp\/v2\/tags?post=86317"}],"curies":[{"name":"wp","href":"https:\/\/api.w.org\/{rel}","templated":true}]}}